{"id":989,"date":"2020-07-02T17:49:27","date_gmt":"2020-07-02T20:49:27","guid":{"rendered":"http:\/\/agenciabrasilia.df.gov.br\/?p=217272"},"modified":"2023-10-26T22:13:31","modified_gmt":"2023-10-27T01:13:31","slug":"feira-organica-de-planaltina-tera-exposicao-de-plantas-ornamentais","status":"publish","type":"post","link":"https:\/\/sindifeira.org.br\/index.php\/2020\/07\/02\/feira-organica-de-planaltina-tera-exposicao-de-plantas-ornamentais\/","title":{"rendered":"Feira org\u00e2nica de Planaltina ter\u00e1 exposi\u00e7\u00e3o de plantas ornamentais"},"content":{"rendered":"<p style=\"text-align: justify;\">A Feira Org\u00e2nica de Planaltina realizada aos s\u00e1bados, ao lado da Administra\u00e7\u00e3o Regional da cidade, agora vai contar com um espa\u00e7o para comercializa\u00e7\u00e3o de plantas ornamentais todo primeiro s\u00e1bado do m\u00eas. A estreia ser\u00e1 neste s\u00e1bado (4), no mesmo hor\u00e1rio em que a feira fica \u00e0 disposi\u00e7\u00e3o do consumidor, das 6h \u00e0s 12h.<\/p>\n<p style=\"text-align: justify;\">Agora, al\u00e9m de tomate, cenoura, beterraba, couve, alface, cheiro-verde, br\u00f3colis e muitas outras hortali\u00e7as org\u00e2nicas, o grupo \u201cPlantas e Flores\u201d, que j\u00e1 vendia mercadorias em outras feiras da cidade, vai aderir ao espa\u00e7o e expor plantas, em especial suculentas. A feira org\u00e2nica da cidade foi retomada no \u00faltima s\u00e1bado (27). O ponto de comercializa\u00e7\u00e3o existe desde 2011, mas estava parado devido ao in\u00edcio da pandemia.<\/p>\n<p style=\"text-align: justify;\">Com aux\u00edlio da Emater-DF, as atividades de comercializa\u00e7\u00e3o no local foram retomadas.\u00a0 As hortali\u00e7as expostas s\u00e3o de um grupo de produtores certificados em org\u00e2nicos e acompanhados pelos t\u00e9cnicos da empresa na regi\u00e3o.\u00a0 \u201cEstamos esperando aumentar o p\u00fablico e a demanda para gente trazer mais coisas\u201d, ressalta o produtor Toni C\u00e9sar, 42 anos, morador do n\u00facleo rural Jardim Morumbi, em Planaltina.<\/p>\n<p style=\"text-align: justify;\">Toni e o filho Paulo C\u00e9sar, 22 anos, s\u00e3o os respons\u00e1veis pela comercializa\u00e7\u00e3o dos hortifr\u00fatis no local. De acordo com ele, a volta do funcionamento do espa\u00e7o ainda foi t\u00edmida. No entanto, j\u00e1 teve cliente buscando outros produtos que eles n\u00e3o tinham. Diante da procura, Toni afirma que a ideia \u00e9 buscar mais produtores de org\u00e2nicos da regi\u00e3o que queiram aderir \u00e0 feira.<\/p>\n<p style=\"text-align: justify;\">De acordo com o gerente do escrit\u00f3rio da Emater-DF em Planaltina, Leandro Moraes de Souza, a uni\u00e3o da feira org\u00e2nica com expositores de plantas ornamentais foi uma iniciativa da extensionista Gesinilde Radel Santos, com objetivo de encorpar o espa\u00e7o, levar variedades e atrair mais consumidores.<\/p>\n<p style=\"text-align: justify;\">Atendendo aos cuidados com a pandemia, no local, os produtores est\u00e3o fornecendo condi\u00e7\u00f5es de higieniza\u00e7\u00e3o, como \u00e1lcool em gel. Os frequentadores devem respeitar as regras de distanciamento em rela\u00e7\u00e3o a outras pessoas e usar m\u00e1scara. Segundo a engenheira-agr\u00f4noma da Emater-DF Gesinilde, os produtores tamb\u00e9m est\u00e3o sendo orientados sobre os cuidados em rela\u00e7\u00e3o \u00e0 preven\u00e7\u00e3o ao novo coronav\u00edrus.<\/p>\n<p style=\"text-align: justify;\">\u201cTemos orientado sobre todos os procedimentos que devem ser adotados nas propriedades, como a lavagem de caixas, higieniza\u00e7\u00e3o de equipamentos, at\u00e9 no momento da comercializa\u00e7\u00e3o\u201d, conta Gesinilde.<\/p>\n<p style=\"text-align: justify;\"><strong>Certifica\u00e7\u00e3o e capacita\u00e7\u00e3o da Emater-DF<\/strong><\/p>\n<p style=\"text-align: justify;\">As hortali\u00e7as e frutas comercializadas s\u00e3o de propriedades que possuem garantia org\u00e2nica por Organiza\u00e7\u00e3o de Controle Social (OCS) e Organismo Participativo de Avalia\u00e7\u00e3o da Conformidade (Opac). Al\u00e9m disso, dois produtores participantes s\u00e3o certificados em Boas Pr\u00e1ticas Agropecu\u00e1rias (BPA), que s\u00e3o procedimentos que objetivam a produ\u00e7\u00e3o de alimentos com melhor qualidade sanit\u00e1ria, seguros e que protegem a sa\u00fade dos consumidores e de quem os produz, incentivando a pr\u00e1tica de uma agricultura segura e sustent\u00e1vel.<\/p>\n<p style=\"text-align: justify;\">A Emater-DF capacita e orienta os produtores sobre os crit\u00e9rios que envolvem desde a organiza\u00e7\u00e3o da propriedade, aspectos ambientais, pr\u00e1ticas conservacionistas at\u00e9 a colheita e classifica\u00e7\u00e3o para venda. Com isso, a empresa reafirma o compromisso de trabalhar para garantir que o alimento chegue \u00e0 mesa do consumidor brasiliense com qualidade, al\u00e9m de proporcionar melhoria de renda e qualidade de vida ao produtor rural com respeito ao meio ambiente.<\/p>\n<p style=\"text-align: justify;\">Servi\u00e7o<br \/>\nFeira Org\u00e2nica de Planaltina<br \/>\nLocal: Ao lado da Administra\u00e7\u00e3o Regional<br \/>\nFuncionamento: Aos s\u00e1bados, das 6h \u00e0s 12h<\/p>\n<p style=\"text-align: justify;\"><em>*Com informa\u00e7\u00f5es Emater<\/em><\/p>\n<p>The post <a rel=\"nofollow noopener\" href=\"https:\/\/www.agenciabrasilia.df.gov.br\/2020\/07\/02\/feira-organica-de-planaltina-tera-exposicao-de-plantas-ornamentais\/\" target=\"_blank\">Feira org\u00e2nica de Planaltina ter\u00e1 exposi\u00e7\u00e3o de plantas ornamentais<\/a> appeared first on <a rel=\"nofollow noopener\" href=\"https:\/\/www.agenciabrasilia.df.gov.br\/\" target=\"_blank\">Ag\u00eancia Bras\u00edlia<\/a>.<\/p>\n","protected":false},"excerpt":{"rendered":"<p>A feira ter\u00e1 um espa\u00e7o para comercializa\u00e7\u00e3o de plantas, todo primeiro s\u00e1bado do m\u00eas<\/p>\n<p>The post <a rel=\"nofollow\" href=\"https:\/\/www.agenciabrasilia.df.gov.br\/2020\/07\/02\/feira-organica-de-planaltina-tera-exposicao-de-plantas-ornamentais\/\">Feira org\u00e2nica de Planaltina ter\u00e1 exposi\u00e7\u00e3o de plantas ornamentais<\/a> appeared first on <a rel=\"nofollow\" href=\"https:\/\/www.agenciabrasilia.df.gov.br\/\">Ag\u00eancia Bras\u00edlia<\/a>.<\/p>\n","protected":false},"author":22,"featured_media":0,"comment_status":"closed","ping_status":"closed","sticky":false,"template":"","format":"standard","meta":{"advgb_blocks_editor_width":"","advgb_blocks_columns_visual_guide":"","footnotes":""},"categories":[1],"tags":[],"class_list":["post-989","post","type-post","status-publish","format-standard","hentry","category-blog"],"author_meta":{"display_name":"","author_link":"https:\/\/sindifeira.org.br\/author\/"},"featured_img":null,"coauthors":[],"tax_additional":{"categories":{"linked":["<a href=\"https:\/\/sindifeira.org.br\/index.php\/category\/blog\/\" class=\"advgb-post-tax-term\">Blog<\/a>"],"unlinked":["<span class=\"advgb-post-tax-term\">Blog<\/span>"]}},"comment_count":"0","relative_dates":{"created":"Publicado 6 anos atr\u00e1s","modified":"Atualizado 2 anos atr\u00e1s"},"absolute_dates":{"created":"Publicado em 2 de julho de 2020","modified":"Atualizado em 26 de outubro de 2023"},"absolute_dates_time":{"created":"Publicado em 2 de julho de 2020 17:49","modified":"Atualizado em 26 de outubro de 2023 22:13"},"featured_img_caption":"","series_order":"","_links":{"self":[{"href":"https:\/\/sindifeira.org.br\/index.php\/wp-json\/wp\/v2\/posts\/989","targetHints":{"allow":["GET"]}}],"collection":[{"href":"https:\/\/sindifeira.org.br\/index.php\/wp-json\/wp\/v2\/posts"}],"about":[{"href":"https:\/\/sindifeira.org.br\/index.php\/wp-json\/wp\/v2\/types\/post"}],"author":[{"embeddable":true,"href":"https:\/\/sindifeira.org.br\/index.php\/wp-json\/wp\/v2\/users\/22"}],"replies":[{"embeddable":true,"href":"https:\/\/sindifeira.org.br\/index.php\/wp-json\/wp\/v2\/comments?post=989"}],"version-history":[{"count":6,"href":"https:\/\/sindifeira.org.br\/index.php\/wp-json\/wp\/v2\/posts\/989\/revisions"}],"predecessor-version":[{"id":2036,"href":"https:\/\/sindifeira.org.br\/index.php\/wp-json\/wp\/v2\/posts\/989\/revisions\/2036"}],"wp:attachment":[{"href":"https:\/\/sindifeira.org.br\/index.php\/wp-json\/wp\/v2\/media?parent=989"}],"wp:term":[{"taxonomy":"category","embeddable":true,"href":"https:\/\/sindifeira.org.br\/index.php\/wp-json\/wp\/v2\/categories?post=989"},{"taxonomy":"post_tag","embeddable":true,"href":"https:\/\/sindifeira.org.br\/index.php\/wp-json\/wp\/v2\/tags?post=989"}],"curies":[{"name":"wp","href":"https:\/\/api.w.org\/{rel}","templated":true}]}}