{"id":780,"date":"2021-07-26T18:39:24","date_gmt":"2021-07-26T21:39:24","guid":{"rendered":"http:\/\/sindifeira.org.br\/?p=780"},"modified":"2023-10-26T22:24:10","modified_gmt":"2023-10-27T01:24:10","slug":"sindifeira-sugere-mudancas-em-projeto-de-lei-que-regulamenta-o-segmento","status":"publish","type":"post","link":"https:\/\/sindifeira.org.br\/index.php\/2021\/07\/26\/sindifeira-sugere-mudancas-em-projeto-de-lei-que-regulamenta-o-segmento\/","title":{"rendered":"Sindifeira-DF sugere mudan\u00e7as em projeto de lei"},"content":{"rendered":"\n<figure class=\"wp-block-image size-large advgb-dyn-6e38a617\"><img decoding=\"async\" src=\"http:\/\/sindifeira.org.br\/wp-content\/uploads\/2021\/07\/28E622D4-1549-4F00-8392-91C3B05C8C15-1024x646.jpeg\" alt=\"\" class=\"wp-image-785\" title=\"\"><figcaption class=\"wp-element-caption\">Foto: Kl\u00e9ber Lima\/Fecom\u00e9rcio-DF<\/figcaption><\/figure>\n\n\n\n<p>Bras\u00edlia, 27\/7\/21 &#8211; Sindifeira-DF sugere mudan\u00e7as em projeto de lei, se reuniram, nesta segunda-feira (26), para revisar a proposta de minuta que servir\u00e1 de base para elabora\u00e7\u00e3o de um projeto de lei regulador do segmento. O normativo dever\u00e1 substituir a Lei 4748, de 2012, que disp\u00f5e sobre a regulariza\u00e7\u00e3o, a organiza\u00e7\u00e3o e o funcionamento das feiras livres e permanentes no Distrito Federal.<\/p>\n\n\n\n<figure class=\"wp-block-image size-large advgb-dyn-2c951627\"><img decoding=\"async\" src=\"http:\/\/sindifeira.org.br\/wp-content\/uploads\/2021\/07\/69AC734E-31D7-4A81-8D5A-0DAD9ED4446B-1024x726.jpeg\" alt=\"\" class=\"wp-image-802\" title=\"\"><figcaption class=\"wp-element-caption\">Francisco Valdenir, Presidente do SindiFeira -DF, Foto: Kl\u00e9ber Lima\/Fecom\u00e9rcio-DF<\/figcaption><\/figure>\n\n\n\n<p>O texto da minuta sugere mudan\u00e7as em uma mat\u00e9ria que j\u00e1 tramitava na Comiss\u00e3o de Constitui\u00e7\u00e3o e Justi\u00e7a (CCJ) da C\u00e2mara Legislativa, mas que foi retirada de pauta no in\u00edcio do m\u00eas a pedidos dos pr\u00f3prios feirantes. \u201cDo jeito que estava n\u00e3o contemplava nossas reivindica\u00e7\u00f5es\u201d, disse o presidente do Sindifeira, Valdenir Machado.<\/p>\n\n\n\n<p>Entre as principais mudan\u00e7as propostas est\u00e1 a institui\u00e7\u00e3o da hereditariedade das bancas de feirantes. Segundo o presidente do Sindifeira, esse ordenamento existe somente na esfera federal e carece de regulamenta\u00e7\u00e3o na esfera local.<\/p>\n\n\n\n<p>Os feirantes tamb\u00e9m pedem que o Poder Executivo institua uma taxa de ocupa\u00e7\u00e3o e que os valores pagos em rela\u00e7\u00e3o ao pre\u00e7o p\u00fablico sejam investidos em melhorias na pr\u00f3pria localidade. \u201cN\u00e3o tem c\u00f3digo tribut\u00e1rio \u00fanico. Nossa reivindica\u00e7\u00e3o \u00e9 que este seja criado, para que todo feirante pague sua taxa e esse recurso se transforme em investimento e melhoria das pr\u00f3prias feiras\u201d, explicou Machado.<\/p>\n\n\n\n<p>Abertura dos port\u00f5es<br>O presidente da Fecom\u00e9rcio-DF, Jos\u00e9 Aparecido Freire, participou da reuni\u00e3o com os feirantes. Ele acolheu uma outra reinvindica\u00e7\u00e3o do segmento, desta vez referente ao funcionamento das feiras durante o per\u00edodo de pandemia.<\/p>\n\n\n\n<div class=\"wp-block-columns is-layout-flex wp-container-core-columns-is-layout-9d6595d7 wp-block-columns-is-layout-flex\">\n<div class=\"wp-block-column is-layout-flow wp-block-column-is-layout-flow\" style=\"flex-basis:100%\">\n<figure class=\"wp-block-image size-large advgb-dyn-3088769a\"><img decoding=\"async\" src=\"http:\/\/sindifeira.org.br\/wp-content\/uploads\/2021\/07\/7679D3C7-986A-4B97-818A-8698D0816FCC-1024x674.jpeg\" alt=\"\" class=\"wp-image-804\" title=\"\"><figcaption class=\"wp-element-caption\">Foto: Kl\u00e9ber Lima\/Fecom\u00e9rcio-DF<\/figcaption><\/figure>\n<\/div>\n<\/div>\n\n\n\n<p>Machado solicitou que a Federa\u00e7\u00e3o interceda junto ao GDF na busca de uma solu\u00e7\u00e3o para a abertura dos port\u00f5es das feiras. Atualmente, de acordo com as regras sanit\u00e1rias, as feiras s\u00f3 podem ter duas entradas de acesso e sa\u00edda, com uma pessoa em cada uma delas aferindo a temperatura dos frequentadores.<\/p>\n\n\n\n<p>\u201cA Feria Central de Ceil\u00e2ndia, por exemplo, tem 48 port\u00f5es. Desses, 46 est\u00e3o fechados. Isso est\u00e1 prejudicando muito o funcionamento e o acesso\u201d, avaliou Machado.<\/p>\n\n\n\n<p>O presidente da Fecom\u00e9rcio-DF pediu que o Sindifeira fa\u00e7a um levantamento de todos os estabelecimentos e do total de port\u00f5es que est\u00e3o inutilizados. \u201cPrecisamos dos n\u00fameros para entrar em tratativas com o GDF e encontrar uma solu\u00e7\u00e3o para esse problema\u201d, concluiu Freire.<\/p>\n\n\n\n<p>Na ocasi\u00e3o tamb\u00e9m foi apresentado aos presidentes de feiras do Distrito Federal e aos presentes, o novo site do SindiFeira-DF, https:\/\/sindifeira.org.br, um site moderno, responsivo e integrado a sistemas de gest\u00e3o, onde facilitar\u00e1 a comunica\u00e7\u00e3o e inteira\u00e7\u00e3o entre o sindicato e seus sindicalizados.<\/p>\n\n\n\n<figure class=\"wp-block-image size-large advgb-dyn-6aee0df3\"><img decoding=\"async\" src=\"http:\/\/sindifeira.org.br\/wp-content\/uploads\/2021\/07\/A158D72B-1B0E-45C1-8571-6B9AD69C8C6B-1024x671.jpeg\" alt=\"\" class=\"wp-image-792\" title=\"\"><figcaption class=\"wp-element-caption\">Foto: Kl\u00e9ber Lima\/Fecom\u00e9rcio-DF<\/figcaption><\/figure>\n\n\n\n<p>&nbsp;<\/p>\n\n\n\n<p>&nbsp;<\/p>\n","protected":false},"excerpt":{"rendered":"<p><img decoding=\"async\" class=\"wp-image-802\" src=\"http:\/\/sindifeira.org.br\/wp-content\/uploads\/2021\/07\/69AC734E-31D7-4A81-8D5A-0DAD9ED4446B-1024x726.jpeg\" alt=\"\" \/><\/p>\n<p>Sindifeira-DF sugere mudan\u00e7as em projeto de lei. Bras\u00edlia, 27\/7\/21 &#8211; Integrantes do Sindicato dos Feirantes do Distrito Federal (Sindifeira) se reuniram, nesta segunda-feira (26), para revisar a proposta de minuta que servir\u00e1 de base para elabora\u00e7\u00e3o de um projeto de lei regulador do segmento. O normativo dever\u00e1 substituir a Lei 4748, de 2012, que disp\u00f5e sobre a regulariza\u00e7\u00e3o, a organiza\u00e7\u00e3o e o funcionamento das feiras livres e permanentes no Distrito Federal.<\/p>\n","protected":false},"author":1,"featured_media":0,"comment_status":"open","ping_status":"open","sticky":false,"template":"","format":"standard","meta":{"advgb_blocks_editor_width":"","advgb_blocks_columns_visual_guide":"","footnotes":""},"categories":[1],"tags":[61,60,59],"class_list":["post-780","post","type-post","status-publish","format-standard","hentry","category-blog","tag-fecomercio","tag-projeto-de-lei","tag-sindifeira"],"author_meta":{"display_name":"OrlandoPassos","author_link":"https:\/\/sindifeira.org.br\/author\/orlandopassos\/"},"featured_img":null,"coauthors":[],"tax_additional":{"categories":{"linked":["<a href=\"https:\/\/sindifeira.org.br\/index.php\/category\/blog\/\" class=\"advgb-post-tax-term\">Blog<\/a>"],"unlinked":["<span class=\"advgb-post-tax-term\">Blog<\/span>"]},"tags":{"linked":["<a href=\"https:\/\/sindifeira.org.br\/index.php\/category\/blog\/\" class=\"advgb-post-tax-term\">fecomercio<\/a>","<a href=\"https:\/\/sindifeira.org.br\/index.php\/category\/blog\/\" class=\"advgb-post-tax-term\">projeto de lei<\/a>","<a href=\"https:\/\/sindifeira.org.br\/index.php\/category\/blog\/\" class=\"advgb-post-tax-term\">sindifeira<\/a>"],"unlinked":["<span class=\"advgb-post-tax-term\">fecomercio<\/span>","<span class=\"advgb-post-tax-term\">projeto de lei<\/span>","<span class=\"advgb-post-tax-term\">sindifeira<\/span>"]}},"comment_count":"1209","relative_dates":{"created":"Publicado 5 anos atr\u00e1s","modified":"Atualizado 3 anos atr\u00e1s"},"absolute_dates":{"created":"Publicado em 26 de julho de 2021","modified":"Atualizado em 26 de outubro de 2023"},"absolute_dates_time":{"created":"Publicado em 26 de julho de 2021 18:39","modified":"Atualizado em 26 de outubro de 2023 22:24"},"featured_img_caption":"","series_order":"","_links":{"self":[{"href":"https:\/\/sindifeira.org.br\/index.php\/wp-json\/wp\/v2\/posts\/780","targetHints":{"allow":["GET"]}}],"collection":[{"href":"https:\/\/sindifeira.org.br\/index.php\/wp-json\/wp\/v2\/posts"}],"about":[{"href":"https:\/\/sindifeira.org.br\/index.php\/wp-json\/wp\/v2\/types\/post"}],"author":[{"embeddable":true,"href":"https:\/\/sindifeira.org.br\/index.php\/wp-json\/wp\/v2\/users\/1"}],"replies":[{"embeddable":true,"href":"https:\/\/sindifeira.org.br\/index.php\/wp-json\/wp\/v2\/comments?post=780"}],"version-history":[{"count":23,"href":"https:\/\/sindifeira.org.br\/index.php\/wp-json\/wp\/v2\/posts\/780\/revisions"}],"predecessor-version":[{"id":2049,"href":"https:\/\/sindifeira.org.br\/index.php\/wp-json\/wp\/v2\/posts\/780\/revisions\/2049"}],"wp:attachment":[{"href":"https:\/\/sindifeira.org.br\/index.php\/wp-json\/wp\/v2\/media?parent=780"}],"wp:term":[{"taxonomy":"category","embeddable":true,"href":"https:\/\/sindifeira.org.br\/index.php\/wp-json\/wp\/v2\/categories?post=780"},{"taxonomy":"post_tag","embeddable":true,"href":"https:\/\/sindifeira.org.br\/index.php\/wp-json\/wp\/v2\/tags?post=780"}],"curies":[{"name":"wp","href":"https:\/\/api.w.org\/{rel}","templated":true}]}}