{"id":654,"date":"2021-07-17T19:18:46","date_gmt":"2021-07-17T22:18:46","guid":{"rendered":"http:\/\/www.agenciabrasilia.df.gov.br\/?p=316781"},"modified":"2023-10-26T22:06:11","modified_gmt":"2023-10-27T01:06:11","slug":"feira-dos-importados-recebe-centro-de-atendimento-ao-turista-movel","status":"publish","type":"post","link":"https:\/\/sindifeira.org.br\/index.php\/2021\/07\/17\/feira-dos-importados-recebe-centro-de-atendimento-ao-turista-movel\/","title":{"rendered":"Feira dos Importados recebe Centro de Atendimento ao Turista m\u00f3vel"},"content":{"rendered":"<p>O SIA (Setor de Ind\u00fastria e Abastecimento) completou 16 anos como regi\u00e3o administrativa na \u00faltima quarta-feira (14). Para celebrar a data, a Secretaria de Turismo do DF, instalou uma das suas unidades m\u00f3veis do Centro de Atendimento ao Turista (CAT) na Feira dos Importados, importante polo comercial da cidade, que ficar\u00e1 \u00e0 disposi\u00e7\u00e3o da popula\u00e7\u00e3o, dos turistas e comerciantes at\u00e9 o dia 18 de julho.<\/p>\n<blockquote class=\"olho direita\"><p>\n<span class=\"olho__texto h2 clearfix\">\u201cN\u00f3s recebemos turistas de v\u00e1rias cidades e pa\u00edses, e eu estou muito feliz com a contribui\u00e7\u00e3o da Setur e da administra\u00e7\u00e3o para nos ajudar a receber os turistas que frequentam nossas bancas\u201d<\/span><br \/>\n<span class=\"olho__assinatura block\">Laudic\u00e9ia Lopes, comerciante<\/span><\/p><\/blockquote>\n<p>A secret\u00e1ria de turismo, Vanessa Mendon\u00e7a, aproveitou a ocasi\u00e3o para anunciar a cria\u00e7\u00e3o de uma Rota das Feiras, cujo projeto est\u00e1 em fase de pesquisa e estrutura\u00e7\u00e3o. \u201c\u00c9 com muita alegria que celebramos o anivers\u00e1rio do SIA recebendo, aqui na Feira dos Importados, o apoio da Setur-DF, trazendo o CAT m\u00f3vel. Durante a semana, passam diariamente pela feira 10 mil pessoas, sendo boa parte turistas, e \u00e9 necess\u00e1rio disponibilizarmos informa\u00e7\u00f5es sobre o turismo de Bras\u00edlia para acolhermos nossos visitantes\u201d, disse a administradora do SIA, Luana Machado.<\/p>\n<p>Os comerciantes tamb\u00e9m apoiaram e ressaltaram a import\u00e2ncia da parceria entre a administra\u00e7\u00e3o e a Setur para o acolhimento dos turistas. Laudic\u00e9ia Lopes, que \u00e9 comerciante h\u00e1 20 anos na feira, falou da alegria em vivenciar a a\u00e7\u00e3o. \u201cN\u00f3s recebemos turistas de v\u00e1rias cidades e pa\u00edses, e eu estou muito feliz com a contribui\u00e7\u00e3o da Setur e da administra\u00e7\u00e3o para nos ajudar a receber os turistas que frequentam nossas bancas\u201d.<\/p>\n<p>Para Rafael Pereira, que tamb\u00e9m trabalha na feira, o CAT tamb\u00e9m contribui com informa\u00e7\u00f5es que complementam o seu trabalho. \u201cO turista tem que ser informado, estamos aqui para ajudar, porque o atendimento \u00e9 essencial. O ideal \u00e9 que a gente conhe\u00e7a os principais pontos tur\u00edsticos para informar aos visitantes\u201d, conclui Rafael.<\/p>\n<p>Telma Parreira \u00e9 moradora de Uberl\u00e2ndia e frequenta a Feira dos Importados uma vez por m\u00eas. \u201cEu prefiro fazer as compras aqui a ir para S\u00e3o Paulo, eu acho mais seguro e gosto da cidade. Tenho muitas hist\u00f3rias aqui e fiquei surpresa com a a\u00e7\u00e3o da secretaria de Turismo e em conhecer a cole\u00e7\u00e3o das rotas. Amei ganhar essas informa\u00e7\u00f5es\u201d, afirmou a cliente.<\/p>\n<p>As feiras s\u00e3o a marca registrada do SIA. Elas s\u00e3o respons\u00e1veis por abastecer Bras\u00edlia e o Entorno com os mais variados produtos, aquecendo a economia.<\/p>\n<blockquote class=\"olho esquerda\"><p>\n<span class=\"olho__texto h2 clearfix\">\u201cAs feiras s\u00e3o um espelho da cultura local e regional que deve ser conhecido e valorizado\u201d<\/span><br \/>\n<span class=\"olho__assinatura block\">Vanessa Mendon\u00e7a, secret\u00e1ria de Turismo<\/span><\/p><\/blockquote>\n<p>A secret\u00e1ria anunciou a abertura de uma rota para as feiras, que est\u00e1 em fase de estrutura\u00e7\u00e3o. &#8220;Depois de percorrer essas tr\u00eas instala\u00e7\u00f5es, a Feira dos Importados, o Ceasa e a Central das Flores eu quero aproveitar a oportunidade para homenagear o SIA nos seus 16 anos de regi\u00e3o administrativa e anunciar que n\u00f3s estamos elaborando uma rota tur\u00edstica para as feiras. O projeto est\u00e1 em fase pesquisa e estrutura\u00e7\u00e3o, mas \u00e9 um instrumento de fomento econ\u00f4mico para os empreendedores deste segmento. As feiras s\u00e3o um espelho da cultura local e regional que deve ser conhecido e valorizado. E esse \u00e9 tamb\u00e9m o nosso novo olhar sobre o turismo\u201d, anunciou Vanessa Mendon\u00e7a.<\/p>\n<p>O an\u00fancio da rota foi celebrado com muito entusiasmo pelos comerciantes, clientes e autoridades presentes. O presidente da Central de Flores, Francisco Jakubowski de Carvalho, conhecido como Kiko, comemorou afirmando que para os produtores essa ser\u00e1 uma oportunidade de futuras amplia\u00e7\u00f5es. \u201cTodos n\u00f3s estamos agradecidos por essa not\u00edcia que, com certeza, vai trazer motiva\u00e7\u00e3o e mais frequentadores para nossa feira e o reconhecimento para o nosso trabalho. O reconhecimento sempre foi o nosso maior desejo e a presen\u00e7a da secret\u00e1ria Vanessa aqui \u00e9 o in\u00edcio da realiza\u00e7\u00e3o\u201d, comemora Kiko.<\/p>\n<p><strong>Ceasa<\/strong><\/p>\n<p>Com um volume de visita\u00e7\u00e3o di\u00e1ria de at\u00e9 15 mil pessoas, a feira do Ceasa tamb\u00e9m contou com a presen\u00e7a da equipe da Setur, que foi recebida pelos feirantes com alegria. O diretor Operacional da Ceasa -DF, Fernando Cabral, lembrou que ter a Rota da Feiras vai potencializar o fluxo de vendas e valorizar os produtos locais. \u201cNossos produtores se sentem valorizados e representados com essa rota, n\u00e3o podemos deixar de agradecer a iniciativa da secretaria de Turismo em dar o devido valor \u00e0s feiras\u201d.<\/p>\n<div class=\"relacionadas text-uppercase  direita\">\n<p style=\"font-family: 'Titillium Web', sans-serif; margin: 0; font-size: 13px; color: #1dbab4;\"><b>Leia tamb\u00e9m<\/b><\/p>\n<div class=\"relacionadas__post-leia-tambem bold clearfix\">\n<a href=\"https:\/\/www.agenciabrasilia.df.gov.br\/2021\/06\/10\/setur-inaugura-centro-de-atendimento-ao-turista-cat-no-lago-sul\/\" rel=\"nofollow noopener\" target=\"_blank\"><\/p>\n<div class=\"relacionadas__thumb\"><\/div>\n<div class=\"clearfix relacionadas__texto\">\n<p style=\"display: inline; font-family: 'Titillium Web', sans-serif; color: #387abc;\"><b>Setur inaugura Centro de Atendimento ao Turista (CAT) no Lago Sul<\/b><\/p>\n<\/div>\n<p><\/a><\/div>\n<div class=\"relacionadas__post-leia-tambem bold clearfix\">\n<a href=\"https:\/\/www.agenciabrasilia.df.gov.br\/2021\/05\/19\/riacho-fundo-ii-ganha-centro-de-atendimento-ao-turista\/\" rel=\"nofollow noopener\" target=\"_blank\"><\/p>\n<div class=\"relacionadas__thumb\"><img loading=\"lazy\" decoding=\"async\" width=\"150\" height=\"150\" src=\"https:\/\/www.agenciabrasilia.df.gov.br\/wp-conteudo\/uploads\/2021\/05\/WhatsApp-Image-2021-05-18-at-16.35.45-1-150x150.jpeg\" class=\"attachment-thumbnail size-thumbnail wp-post-image\" alt=\"\" title=\"\"><\/div>\n<div class=\"clearfix relacionadas__texto\">\n<p style=\"display: inline; font-family: 'Titillium Web', sans-serif; color: #387abc;\"><b>Riacho Fundo II ganha Centro de Atendimento ao Turista<\/b><\/p>\n<\/div>\n<p><\/a><\/div>\n<div class=\"relacionadas__post-leia-tambem bold clearfix\">\n<a href=\"https:\/\/www.agenciabrasilia.df.gov.br\/2021\/06\/14\/turismo-do-df-mapeia-rotas-e-inaugura-cat\/\" rel=\"nofollow noopener\" target=\"_blank\"><\/p>\n<div class=\"relacionadas__thumb\"><\/div>\n<div class=\"clearfix relacionadas__texto\">\n<p style=\"display: inline; font-family: 'Titillium Web', sans-serif; color: #387abc;\"><b>Turismo do DF mapeia rotas e inaugura CAT<\/b><\/p>\n<\/div>\n<p><\/a><\/div>\n<\/div>\n<p><strong>Funcionamento do CAT<\/strong><\/p>\n<p>O atendimento nos Centros de Atendimento ao Turista (CAT) m\u00f3veis \u00e9 realizado presencialmente. S\u00e3o oferecidas informa\u00e7\u00f5es sobre os produtos e servi\u00e7os tur\u00edsticos no Distrito Federal e Entorno e distribu\u00eddos mapas, guias tur\u00edsticos e materiais de divulga\u00e7\u00e3o.<\/p>\n<p>&nbsp;<\/p>\n<p><em>*Com informa\u00e7\u00f5es da Setur<\/em><\/p>\n","protected":false},"excerpt":{"rendered":"<p>Secret\u00e1ria de Turismo, Vanessa Mendon\u00e7a, anunciou a cria\u00e7\u00e3o da Rota das Feiras, que ser\u00e1 iniciada pelas feiras do SIA<\/p>\n","protected":false},"author":4,"featured_media":0,"comment_status":"closed","ping_status":"closed","sticky":false,"template":"","format":"standard","meta":{"advgb_blocks_editor_width":"","advgb_blocks_columns_visual_guide":"","footnotes":""},"categories":[1],"tags":[],"class_list":["post-654","post","type-post","status-publish","format-standard","hentry","category-blog"],"author_meta":{"display_name":"","author_link":"https:\/\/sindifeira.org.br\/author\/"},"featured_img":null,"coauthors":[],"tax_additional":{"categories":{"linked":["<a href=\"https:\/\/sindifeira.org.br\/index.php\/category\/blog\/\" class=\"advgb-post-tax-term\">Blog<\/a>"],"unlinked":["<span class=\"advgb-post-tax-term\">Blog<\/span>"]}},"comment_count":"0","relative_dates":{"created":"Publicado 5 anos atr\u00e1s","modified":"Atualizado 2 anos atr\u00e1s"},"absolute_dates":{"created":"Publicado em 17 de julho de 2021","modified":"Atualizado em 26 de outubro de 2023"},"absolute_dates_time":{"created":"Publicado em 17 de julho de 2021 19:18","modified":"Atualizado em 26 de outubro de 2023 22:06"},"featured_img_caption":"","series_order":"","_links":{"self":[{"href":"https:\/\/sindifeira.org.br\/index.php\/wp-json\/wp\/v2\/posts\/654","targetHints":{"allow":["GET"]}}],"collection":[{"href":"https:\/\/sindifeira.org.br\/index.php\/wp-json\/wp\/v2\/posts"}],"about":[{"href":"https:\/\/sindifeira.org.br\/index.php\/wp-json\/wp\/v2\/types\/post"}],"author":[{"embeddable":true,"href":"https:\/\/sindifeira.org.br\/index.php\/wp-json\/wp\/v2\/users\/4"}],"replies":[{"embeddable":true,"href":"https:\/\/sindifeira.org.br\/index.php\/wp-json\/wp\/v2\/comments?post=654"}],"version-history":[{"count":9,"href":"https:\/\/sindifeira.org.br\/index.php\/wp-json\/wp\/v2\/posts\/654\/revisions"}],"predecessor-version":[{"id":2019,"href":"https:\/\/sindifeira.org.br\/index.php\/wp-json\/wp\/v2\/posts\/654\/revisions\/2019"}],"wp:attachment":[{"href":"https:\/\/sindifeira.org.br\/index.php\/wp-json\/wp\/v2\/media?parent=654"}],"wp:term":[{"taxonomy":"category","embeddable":true,"href":"https:\/\/sindifeira.org.br\/index.php\/wp-json\/wp\/v2\/categories?post=654"},{"taxonomy":"post_tag","embeddable":true,"href":"https:\/\/sindifeira.org.br\/index.php\/wp-json\/wp\/v2\/tags?post=654"}],"curies":[{"name":"wp","href":"https:\/\/api.w.org\/{rel}","templated":true}]}}