{"id":2205,"date":"2022-04-15T13:53:07","date_gmt":"2022-04-15T16:53:07","guid":{"rendered":"https:\/\/www.agenciabrasilia.df.gov.br\/?p=396088"},"modified":"2022-04-15T13:53:07","modified_gmt":"2022-04-15T16:53:07","slug":"feiras-oferecem-opcoes-para-almoco-na-semana-santa","status":"publish","type":"post","link":"https:\/\/sindifeira.org.br\/index.php\/2022\/04\/15\/feiras-oferecem-opcoes-para-almoco-na-semana-santa\/","title":{"rendered":"Feiras oferecem op\u00e7\u00f5es para almo\u00e7o na Semana Santa"},"content":{"rendered":"<p><img width=\"2560\" height=\"1700\" src=\"https:\/\/www.agenciabrasilia.df.gov.br\/wp-conteudo\/uploads\/2022\/04\/Capa-32-scaled.jpg\" class=\"attachment- size- wp-post-image\" alt=\"\" decoding=\"async\" loading=\"lazy\" srcset=\"https:\/\/www.agenciabrasilia.df.gov.br\/wp-conteudo\/uploads\/2022\/04\/Capa-32-scaled.jpg 2560w, https:\/\/www.agenciabrasilia.df.gov.br\/wp-conteudo\/uploads\/2022\/04\/Capa-32-300x199.jpg 300w, https:\/\/www.agenciabrasilia.df.gov.br\/wp-conteudo\/uploads\/2022\/04\/Capa-32-1024x680.jpg 1024w, https:\/\/www.agenciabrasilia.df.gov.br\/wp-conteudo\/uploads\/2022\/04\/Capa-32-768x510.jpg 768w, https:\/\/www.agenciabrasilia.df.gov.br\/wp-conteudo\/uploads\/2022\/04\/Capa-32-1536x1020.jpg 1536w, https:\/\/www.agenciabrasilia.df.gov.br\/wp-conteudo\/uploads\/2022\/04\/Capa-32-2048x1360.jpg 2048w\" sizes=\"auto, (max-width: 2560px) 100vw, 2560px\" title=\"\"><\/p>\n<p>Nem visitar um restaurante, nem cozinhar em casa. O cen\u00e1rio escolhido por Neide Morais, 61 anos, para o almo\u00e7o da Sexta-Feira Santa foi a Feira da Torre de TV. Depois de passear pelas bancas, a aposentada saboreou um tucunar\u00e9 frito servido com arroz branco e batatas. E se surpreendeu ao encontrar o peixe no local. \u201cN\u00e3o queria comer carne vermelha\u201d, explica. \u201cFoi \u00f3timo poder almo\u00e7ar algo gostoso e ainda matar a saudade da Torre de TV\u201d.<\/p>\n<div id=\"attachment_396091\" style=\"width: 2570px\" class=\"wp-caption aligncenter\"><img loading=\"lazy\" decoding=\"async\" aria-describedby=\"caption-attachment-396091\" class=\"wp-image-396091 size-full\" src=\"http:\/\/www.agenciabrasilia.df.gov.br\/wp-conteudo\/uploads\/2022\/04\/LBJ_3998-scaled.jpg\" alt=\"\" width=\"2560\" height=\"1777\" srcset=\"https:\/\/www.agenciabrasilia.df.gov.br\/wp-conteudo\/uploads\/2022\/04\/LBJ_3998-scaled.jpg 2560w, https:\/\/www.agenciabrasilia.df.gov.br\/wp-conteudo\/uploads\/2022\/04\/LBJ_3998-300x208.jpg 300w, https:\/\/www.agenciabrasilia.df.gov.br\/wp-conteudo\/uploads\/2022\/04\/LBJ_3998-1024x711.jpg 1024w, https:\/\/www.agenciabrasilia.df.gov.br\/wp-conteudo\/uploads\/2022\/04\/LBJ_3998-768x533.jpg 768w, https:\/\/www.agenciabrasilia.df.gov.br\/wp-conteudo\/uploads\/2022\/04\/LBJ_3998-1536x1066.jpg 1536w, https:\/\/www.agenciabrasilia.df.gov.br\/wp-conteudo\/uploads\/2022\/04\/LBJ_3998-2048x1421.jpg 2048w\" sizes=\"auto, (max-width: 2560px) 100vw, 2560px\" title=\"\"><\/p>\n<p id=\"caption-attachment-396091\" class=\"wp-caption-text\">Pratos com peixe foram op\u00e7\u00e3o na Feira de Ceil\u00e2ndia nesta Sexta-feira Santa | Foto: L\u00facio Bernardo Jr\/Ag\u00eancia Bras\u00edlia<\/p>\n<\/div>\n<p>Subsecret\u00e1rio de Cidades, Cleber Monteiro garante que todos os restaurantes das 38 feiras permanentes do Distrito Federal investiram em pelo menos um prato com peixe nesta Sexta-Feira da Paix\u00e3o. &#8220;Mas ningu\u00e9m deixa de oferecer o card\u00e1pio original, com rabada, dobradinha, buchada&#8221;, aponta. &#8220;A procura por essas iguarias \u00e9 grande mesmo em dia santo&#8221;.<\/p>\n<div id=\"attachment_396093\" style=\"width: 453px\" class=\"wp-caption alignright\"><img loading=\"lazy\" decoding=\"async\" aria-describedby=\"caption-attachment-396093\" class=\"wp-image-396093 \" src=\"http:\/\/www.agenciabrasilia.df.gov.br\/wp-conteudo\/uploads\/2022\/04\/Jose-Edson-Comerciante-1024x680.jpg\" alt=\"\" width=\"443\" height=\"294\" srcset=\"https:\/\/www.agenciabrasilia.df.gov.br\/wp-conteudo\/uploads\/2022\/04\/Jose-Edson-Comerciante-1024x680.jpg 1024w, https:\/\/www.agenciabrasilia.df.gov.br\/wp-conteudo\/uploads\/2022\/04\/Jose-Edson-Comerciante-300x199.jpg 300w, https:\/\/www.agenciabrasilia.df.gov.br\/wp-conteudo\/uploads\/2022\/04\/Jose-Edson-Comerciante-768x510.jpg 768w, https:\/\/www.agenciabrasilia.df.gov.br\/wp-conteudo\/uploads\/2022\/04\/Jose-Edson-Comerciante-1536x1020.jpg 1536w, https:\/\/www.agenciabrasilia.df.gov.br\/wp-conteudo\/uploads\/2022\/04\/Jose-Edson-Comerciante-2048x1360.jpg 2048w\" sizes=\"auto, (max-width: 443px) 100vw, 443px\" title=\"\"><\/p>\n<p id=\"caption-attachment-396093\" class=\"wp-caption-text\">Com 30 anos de cozinha, Jos\u00e9 Edson da Silva diz que os pratos mais tradicionais da feira nunca deixam de ser vendidos na Semana Santa<\/p>\n<\/div>\n<p>\u00c9 o caso de Jos\u00e9 Edson da Silva, dono de um restaurante na Feira da Ceil\u00e2ndia. Em meio a panelas com bai\u00e3o de dois, caldo de mocot\u00f3 e lingui\u00e7a, um cozido de dourada e uma til\u00e1pia frita atra\u00edam os fi\u00e9is mais tradicionais. &#8220;Comprei 15 kg de cada e ainda vai faltar&#8221;, conta. Com 30 anos de cozinha, Edson diz que os pratos mais tradicionais da feira nunca deixam de ser vendidos na Semana Santa. \u201cTem p\u00fablico para tudo, gente de religi\u00f5es e credos diferentes\u201d, resume.<\/p>\n<p>[Relacionadas esquerda_direita_centro=&#8221;esquerda&#8221;]<\/p>\n<p>O Governo do Distrito Federal destinou R$ 27 milh\u00f5es para a manuten\u00e7\u00e3o de mais de 20 feiras permanentes. A licita\u00e7\u00e3o, realizada em agosto de 2021, prev\u00ea servi\u00e7os como pintura, troca de alambrado, conserto de pisos e banheiros, troca de l\u00e2mpadas convencionais por LED.<\/p>\n<p>A reforma das feiras permanentes de Sobradinho II, do Gama, da quadra 202 de Samambaia e da Guariroba (Ceil\u00e2ndia) est\u00e1 quase conclu\u00edda. Dentro de aproximadamente duas semanas, outras cinco ser\u00e3o beneficiadas: da QNL de Taguatinga, da quadra 210 de Samambaia, de Brazl\u00e2ndia, de S\u00e3o Sebasti\u00e3o e a Feira Central da Ceil\u00e2ndia.<\/p>\n<p><a title=\"Feiras oferecem op\u00e7\u00f5es para almo\u00e7o na Semana Santa\" href=\"https:\/\/www.flickr.com\/photos\/agenciabrasilia\/albums\/72177720298137399\" data-flickr-embed=\"true\" rel=\"nofollow noopener\" target=\"_blank\"><img loading=\"lazy\" decoding=\"async\" src=\"https:\/\/live.staticflickr.com\/65535\/52006741294_eba199fe4c_z.jpg\" alt=\"Feiras oferecem op\u00e7\u00f5es para almo\u00e7o na Semana Santa\" width=\"640\" height=\"480\" title=\"\"><\/a><script async src=\"https:\/\/embedr.flickr.com\/assets\/client-code.js\" charset=\"utf-8\"><\/script><\/p>\n","protected":false},"excerpt":{"rendered":"<p><img width=\"2560\" height=\"1700\" src=\"https:\/\/www.agenciabrasilia.df.gov.br\/wp-conteudo\/uploads\/2022\/04\/Capa-32-scaled.jpg\" class=\"attachment- size- wp-post-image\" alt=\"\" decoding=\"async\" loading=\"lazy\" srcset=\"https:\/\/www.agenciabrasilia.df.gov.br\/wp-conteudo\/uploads\/2022\/04\/Capa-32-scaled.jpg 2560w, https:\/\/www.agenciabrasilia.df.gov.br\/wp-conteudo\/uploads\/2022\/04\/Capa-32-300x199.jpg 300w, https:\/\/www.agenciabrasilia.df.gov.br\/wp-conteudo\/uploads\/2022\/04\/Capa-32-1024x680.jpg 1024w, https:\/\/www.agenciabrasilia.df.gov.br\/wp-conteudo\/uploads\/2022\/04\/Capa-32-768x510.jpg 768w, https:\/\/www.agenciabrasilia.df.gov.br\/wp-conteudo\/uploads\/2022\/04\/Capa-32-1536x1020.jpg 1536w, https:\/\/www.agenciabrasilia.df.gov.br\/wp-conteudo\/uploads\/2022\/04\/Capa-32-2048x1360.jpg 2048w\" sizes=\"auto, (max-width: 2560px) 100vw, 2560px\">Pratos \u00e0 base de peixe disputam espa\u00e7o com refei\u00e7\u00f5es do card\u00e1pio tradicional, como dobradinha e buchada. Mais de 20 feiras do DF v\u00e3o passar por servi\u00e7os de manuten\u00e7\u00e3o<\/p>\n","protected":false},"author":123461,"featured_media":0,"comment_status":"closed","ping_status":"closed","sticky":false,"template":"","format":"standard","meta":{"advgb_blocks_editor_width":"","advgb_blocks_columns_visual_guide":"","footnotes":""},"categories":[225,10,226,224,215,227],"tags":[],"class_list":["post-2205","post","type-post","status-publish","format-standard","hentry","category-alimentacao","category-feiras-do-df","category-manutencao","category-reforma","category-sem-categoria","category-semana-santa"],"author_meta":{"display_name":"Debora Cronemberger Mendes Pereira","author_link":"https:\/\/sindifeira.org.br\/author\/debora-cronemberger-mendes-pereira\/"},"featured_img":null,"coauthors":[],"tax_additional":{"categories":{"linked":["<a href=\"https:\/\/sindifeira.org.br\/index.php\/category\/alimentacao\/\" class=\"advgb-post-tax-term\">alimenta\u00e7\u00e3o<\/a>","<a href=\"https:\/\/sindifeira.org.br\/index.php\/category\/feiras-do-df\/\" class=\"advgb-post-tax-term\">Feiras do DF<\/a>","<a href=\"https:\/\/sindifeira.org.br\/index.php\/category\/manutencao\/\" class=\"advgb-post-tax-term\">manuten\u00e7\u00e3o<\/a>","<a href=\"https:\/\/sindifeira.org.br\/index.php\/category\/reforma\/\" class=\"advgb-post-tax-term\">reforma<\/a>","<a href=\"https:\/\/sindifeira.org.br\/index.php\/category\/sem-categoria\/\" class=\"advgb-post-tax-term\">Sem categoria<\/a>","<a href=\"https:\/\/sindifeira.org.br\/index.php\/category\/semana-santa\/\" class=\"advgb-post-tax-term\">Semana Santa<\/a>"],"unlinked":["<span class=\"advgb-post-tax-term\">alimenta\u00e7\u00e3o<\/span>","<span class=\"advgb-post-tax-term\">Feiras do DF<\/span>","<span class=\"advgb-post-tax-term\">manuten\u00e7\u00e3o<\/span>","<span class=\"advgb-post-tax-term\">reforma<\/span>","<span class=\"advgb-post-tax-term\">Sem categoria<\/span>","<span class=\"advgb-post-tax-term\">Semana Santa<\/span>"]}},"comment_count":"0","relative_dates":{"created":"Publicado 4 anos atr\u00e1s","modified":"Atualizado 4 anos atr\u00e1s"},"absolute_dates":{"created":"Publicado em 15 de abril de 2022","modified":"Atualizado em 15 de abril de 2022"},"absolute_dates_time":{"created":"Publicado em 15 de abril de 2022 13:53","modified":"Atualizado em 15 de abril de 2022 13:53"},"featured_img_caption":"","series_order":"","_links":{"self":[{"href":"https:\/\/sindifeira.org.br\/index.php\/wp-json\/wp\/v2\/posts\/2205","targetHints":{"allow":["GET"]}}],"collection":[{"href":"https:\/\/sindifeira.org.br\/index.php\/wp-json\/wp\/v2\/posts"}],"about":[{"href":"https:\/\/sindifeira.org.br\/index.php\/wp-json\/wp\/v2\/types\/post"}],"author":[{"embeddable":true,"href":"https:\/\/sindifeira.org.br\/index.php\/wp-json\/wp\/v2\/users\/123461"}],"replies":[{"embeddable":true,"href":"https:\/\/sindifeira.org.br\/index.php\/wp-json\/wp\/v2\/comments?post=2205"}],"version-history":[{"count":1,"href":"https:\/\/sindifeira.org.br\/index.php\/wp-json\/wp\/v2\/posts\/2205\/revisions"}],"predecessor-version":[{"id":2206,"href":"https:\/\/sindifeira.org.br\/index.php\/wp-json\/wp\/v2\/posts\/2205\/revisions\/2206"}],"wp:attachment":[{"href":"https:\/\/sindifeira.org.br\/index.php\/wp-json\/wp\/v2\/media?parent=2205"}],"wp:term":[{"taxonomy":"category","embeddable":true,"href":"https:\/\/sindifeira.org.br\/index.php\/wp-json\/wp\/v2\/categories?post=2205"},{"taxonomy":"post_tag","embeddable":true,"href":"https:\/\/sindifeira.org.br\/index.php\/wp-json\/wp\/v2\/tags?post=2205"}],"curies":[{"name":"wp","href":"https:\/\/api.w.org\/{rel}","templated":true}]}}