{"id":2144,"date":"2024-07-04T14:01:19","date_gmt":"2024-07-04T17:01:19","guid":{"rendered":"https:\/\/sindifeira.org.br\/?p=2144"},"modified":"2024-07-04T14:11:26","modified_gmt":"2024-07-04T17:11:26","slug":"feira-dos-importados-de-taguatinga-reconhecimento-de-interesse-cultural-social-e-economico","status":"publish","type":"post","link":"https:\/\/sindifeira.org.br\/index.php\/2024\/07\/04\/feira-dos-importados-de-taguatinga-reconhecimento-de-interesse-cultural-social-e-economico\/","title":{"rendered":"Feira dos Importados de Taguatinga: Reconhecimento de Interesse Cultural, Social e Econ\u00f4mico"},"content":{"rendered":"<h2 id=\"h-historia-e-evolucao-da-feira-dos-importados-de-taguatinga\" class=\"wp-block-heading\">Hist\u00f3ria e Evolu\u00e7\u00e3o da Feira dos Importados de Taguatinga<\/h2>\n<p><img loading=\"lazy\" decoding=\"async\" class=\"wp-image-2145 size-full\" src=\"https:\/\/sindifeira.org.br\/wp-content\/uploads\/2024\/07\/WhatsApp-Image-2024-07-04-at-13.38.41.jpeg\" alt=\"Feira dos Importados de Taguatinga: Reconhecimento de Interesse Cultural, Social e Econ\u00f4mico\" width=\"1280\" height=\"604\" title=\"\" srcset=\"https:\/\/sindifeira.org.br\/wp-content\/uploads\/2024\/07\/WhatsApp-Image-2024-07-04-at-13.38.41.jpeg 1280w, https:\/\/sindifeira.org.br\/wp-content\/uploads\/2024\/07\/WhatsApp-Image-2024-07-04-at-13.38.41-300x142.jpeg 300w, https:\/\/sindifeira.org.br\/wp-content\/uploads\/2024\/07\/WhatsApp-Image-2024-07-04-at-13.38.41-1024x483.jpeg 1024w, https:\/\/sindifeira.org.br\/wp-content\/uploads\/2024\/07\/WhatsApp-Image-2024-07-04-at-13.38.41-768x362.jpeg 768w\" sizes=\"auto, (max-width: 1280px) 100vw, 1280px\" \/><\/p>\n<p>A Feira dos Importados de Taguatinga possui uma trajet\u00f3ria rica e significativa que remonta a v\u00e1rias d\u00e9cadas. Iniciada em 11 de outubro de 1996 quando os primeiros vendedores ambulantes come\u00e7aram a ocupar uma \u00e1rea cedida pelo Governo do Distrito Federal (GDF) para expor seus produtos. A Feira dos Importados de Taguatinga, montada em um espa\u00e7o de quase 5 mil metros quadrados, a feira rapidamente se tornou um marco importante na regi\u00e3o. No in\u00edcio, os vendedores ofereciam uma sele\u00e7\u00e3o limitada de mercadorias, mas a demanda crescente e o aumento do fluxo de visitantes promoveram uma expans\u00e3o consider\u00e1vel ao longo dos anos.<\/p>\n<p>Com o passar do tempo, a Feira dos Importados de Taguatinga evoluiu e se tornou um espa\u00e7o organizado e amplamente reconhecido. Hoje, a feira ocupa quase 5 mil metros quadrados e abriga centenas de lojas. A transforma\u00e7\u00e3o n\u00e3o apenas ampliou a variedade de produtos dispon\u00edveis, mas tamb\u00e9m melhorou a infraestrutura e a experi\u00eancia geral dos visitantes. O local, que come\u00e7ou com uma oferta b\u00e1sica de produtos, agora apresenta uma vasta gama de itens, incluindo eletr\u00f4nicos, roupas, acess\u00f3rios, brinquedos, alimentos e muito mais.<\/p>\n<p>Este crescimento constante reflete a import\u00e2ncia econ\u00f4mica, social e cultural da Feira dos Importados de Taguatinga para o Distrito Federal. A feira atrai visitantes n\u00e3o s\u00f3 de Taguatinga mas tamb\u00e9m de outras cidades da regi\u00e3o, consolidando-se como um destino de compras e lazer. Com o aumento do n\u00famero de comerciantes e a diversifica\u00e7\u00e3o das mercadorias oferecidas, a feira se tornou um ponto de refer\u00eancia, destacando-se pela variedade e qualidade dos produtos, al\u00e9m de proporcionar um espa\u00e7o din\u00e2mico e vibrante para o com\u00e9rcio local.<\/p>\n<p>Em suma, a evolu\u00e7\u00e3o da Feira dos Importados de Taguatinga \u00e9 um testemunho de sua capacidade de adapta\u00e7\u00e3o e crescimento, mantendo-se relevante e atraente ao longo dos anos. A feira continua desempenhando um papel crucial no desenvolvimento econ\u00f4mico e cultural da regi\u00e3o, beneficiando tanto os comerciantes quanto os consumidores.<\/p>\n<h2 id=\"h-reconhecimento-da-lei-n\u00ba-7-519-e-sua-importancia\" class=\"wp-block-heading\">Reconhecimento da Lei n\u00ba 7.519 e sua Import\u00e2ncia<\/h2>\n<p>A promulga\u00e7\u00e3o da Lei n\u00ba 7.519, de autoria do deputado\u00a0<strong>Thiago Manzoni<\/strong>\u00a0e sancionada pela governadora em exerc\u00edcio\u00a0<strong>Celina Le\u00e3o,<\/strong>\u00a0representa um marco significativo para a Feira dos Importados de Taguatinga. Publicada no Di\u00e1rio Oficial do Distrito Federal, essa legisla\u00e7\u00e3o reconhece oficialmente a feira como de interesse cultural, social e econ\u00f4mico, refletindo a import\u00e2ncia multifacetada que esse espa\u00e7o tem para a comunidade local e para a economia da regi\u00e3o.<\/p>\n<figure class=\"wp-block-image size-large\"><img loading=\"lazy\" decoding=\"async\" class=\"wp-image-2686\" src=\"https:\/\/feiradosimportados.org.br\/wp-content\/uploads\/2024\/07\/WhatsApp-Image-2024-07-04-at-13.34.03-e1720111811615-1024x582.jpeg\" sizes=\"auto, (max-width: 1024px) 100vw, 1024px\" srcset=\"https:\/\/feiradosimportados.org.br\/wp-content\/uploads\/2024\/07\/WhatsApp-Image-2024-07-04-at-13.34.03-e1720111811615-1024x582.jpeg 1024w, https:\/\/feiradosimportados.org.br\/wp-content\/uploads\/2024\/07\/WhatsApp-Image-2024-07-04-at-13.34.03-e1720111811615-300x170.jpeg 300w, https:\/\/feiradosimportados.org.br\/wp-content\/uploads\/2024\/07\/WhatsApp-Image-2024-07-04-at-13.34.03-e1720111811615-768x436.jpeg 768w, https:\/\/feiradosimportados.org.br\/wp-content\/uploads\/2024\/07\/WhatsApp-Image-2024-07-04-at-13.34.03-e1720111811615-1536x873.jpeg 1536w, https:\/\/feiradosimportados.org.br\/wp-content\/uploads\/2024\/07\/WhatsApp-Image-2024-07-04-at-13.34.03-e1720111811615-600x341.jpeg 600w, https:\/\/feiradosimportados.org.br\/wp-content\/uploads\/2024\/07\/WhatsApp-Image-2024-07-04-at-13.34.03-e1720111811615.jpeg 1600w\" alt=\"Feira dos Importados de Taguatinga: Reconhecimento de Interesse Cultural, Social e Econ\u00f4mico\" width=\"1024\" height=\"582\" title=\"\"><\/figure>\n<p>Um dos pontos principais abordados pela Lei n\u00ba 7.519 \u00e9 a valoriza\u00e7\u00e3o da Feira dos Importados de Taguatinga como um patrim\u00f4nio cultural. Este reconhecimento n\u00e3o apenas celebra a diversidade de produtos e a variedade de culturas representadas, mas tamb\u00e9m preserva a tradi\u00e7\u00e3o de com\u00e9rcio popular que \u00e9 um tra\u00e7o caracter\u00edstico da feira. O impacto da lei vai al\u00e9m do simbolismo; ela oferece um respaldo jur\u00eddico que pode facilitar a obten\u00e7\u00e3o de recursos e incentivos para a manuten\u00e7\u00e3o e melhoria das condi\u00e7\u00f5es do local.<\/p>\n<p>Do ponto de vista econ\u00f4mico, a feira \u00e9 um motor significativo para a economia local. A oficializa\u00e7\u00e3o de seu status de interesse econ\u00f4mico pode atrair novos investimentos e proporcionar melhores condi\u00e7\u00f5es para os comerciantes. Pequenos e m\u00e9dios empreendedores que atuam na feira s\u00e3o diretamente beneficiados por essa legisla\u00e7\u00e3o, que pode resultar em pol\u00edticas p\u00fablicas destinadas a apoiar o desenvolvimento do com\u00e9rcio local, criando emprego e renda para a comunidade.<\/p>\n<p>Socialmente, a Feira dos Importados de Taguatinga \u00e9 um ponto de encontro e conviv\u00eancia para diversos segmentos da popula\u00e7\u00e3o. O reconhecimento legal consolida seu papel como um espa\u00e7o de integra\u00e7\u00e3o social, onde tradi\u00e7\u00f5es s\u00e3o compartilhadas e a diversidade cultural \u00e9 celebrada. Essa legisla\u00e7\u00e3o refor\u00e7a a import\u00e2ncia da feira como um espa\u00e7o de inclus\u00e3o social, promovendo a coes\u00e3o comunit\u00e1ria e o interc\u00e2mbio cultural.<\/p>\n<p>Em ess\u00eancia, a Lei n\u00ba 7.519 \u00e9 um instrumento vital para o fortalecimento e a valoriza\u00e7\u00e3o da Feira dos Importados de Taguatinga. Ao reconhecer sua relev\u00e2ncia cultural, social e econ\u00f4mica, a legisla\u00e7\u00e3o assegura a preserva\u00e7\u00e3o de um patrim\u00f4nio que \u00e9 querido por muitos e essencial para a identidade e a economia local.<\/p>\n<h2 id=\"h-impacto-social-e-cultural-da-feira-dos-importados\" class=\"wp-block-heading\">Impacto Social e Cultural da Feira dos Importados<\/h2>\n<p>A Feira dos Importados de Taguatinga desempenha um papel crucial no tecido social e cultural do Distrito Federal. Este espa\u00e7o din\u00e2mico re\u00fane pessoas de diversas origens e classes sociais, que v\u00eam \u00e0 feira n\u00e3o apenas para fazer compras, mas tamb\u00e9m para socializar e interagir em um ambiente acolhedor e inclusivo. A feira promove um sentido forte de comunidade, oferecendo um espa\u00e7o onde todos podem conviver e compartilhar experi\u00eancias.<\/p>\n<div class=\"wp-block-image\">\n<figure class=\"aligncenter size-large\"><img loading=\"lazy\" decoding=\"async\" class=\"wp-image-2688\" src=\"https:\/\/feiradosimportados.org.br\/wp-content\/uploads\/2024\/07\/WhatsApp-Image-2024-07-04-at-13.34.03-2-1024x457.jpeg\" sizes=\"auto, (max-width: 1024px) 100vw, 1024px\" srcset=\"https:\/\/feiradosimportados.org.br\/wp-content\/uploads\/2024\/07\/WhatsApp-Image-2024-07-04-at-13.34.03-2-1024x457.jpeg 1024w, https:\/\/feiradosimportados.org.br\/wp-content\/uploads\/2024\/07\/WhatsApp-Image-2024-07-04-at-13.34.03-2-300x134.jpeg 300w, https:\/\/feiradosimportados.org.br\/wp-content\/uploads\/2024\/07\/WhatsApp-Image-2024-07-04-at-13.34.03-2-768x343.jpeg 768w, https:\/\/feiradosimportados.org.br\/wp-content\/uploads\/2024\/07\/WhatsApp-Image-2024-07-04-at-13.34.03-2-1536x685.jpeg 1536w, https:\/\/feiradosimportados.org.br\/wp-content\/uploads\/2024\/07\/WhatsApp-Image-2024-07-04-at-13.34.03-2-600x268.jpeg 600w, https:\/\/feiradosimportados.org.br\/wp-content\/uploads\/2024\/07\/WhatsApp-Image-2024-07-04-at-13.34.03-2.jpeg 1600w\" alt=\"Impacto Social e Cultural da Feira dos Importados\" width=\"1024\" height=\"457\" title=\"\"><\/figure>\n<\/div>\n<p>A feira tamb\u00e9m proporciona significativas oportunidades de emprego e empreendedorismo para os moradores da regi\u00e3o. Pequenos comerciantes tem um espa\u00e7o acess\u00edvel para vender seus produtos e servi\u00e7os, contribuindo para a economia local. Al\u00e9m disso, muitos jovens empreendedores t\u00eam a chance de iniciar seus neg\u00f3cios, impulsionando a inova\u00e7\u00e3o e a diversifica\u00e7\u00e3o econ\u00f4mica. Este aspecto econ\u00f4mico refor\u00e7a ainda mais o impacto social da feira, oferecendo esperan\u00e7a e sustento para muitas fam\u00edlias.<\/p>\n<p>Em s\u00edntese, a Feira dos Importados de Taguatinga transcende sua fun\u00e7\u00e3o de mercado, tornando-se um pilar fundamental no fortalecimento da coes\u00e3o social e na promo\u00e7\u00e3o da diversidade cultural no Distrito Federal. Seu papel multifacetado como ponto de encontro multicultural e motor econ\u00f4mico real\u00e7a sua import\u00e2ncia como uma institui\u00e7\u00e3o vital para a comunidade local.<\/p>\n<h2 id=\"h-contribuicoes-economicas-da-feira-dos-importados\" class=\"wp-block-heading\">Contribui\u00e7\u00f5es Econ\u00f4micas da Feira dos Importados<\/h2>\n<p>A Feira dos Importados de Taguatinga desempenha um papel crucial no desenvolvimento econ\u00f4mico do Distrito Federal. Com um volume de neg\u00f3cios que supera os milh\u00f5es de reais anualmente, a feira se destaca como um dos principais centros comerciais da regi\u00e3o, atraindo um fluxo constante de visitantes e turistas.<\/p>\n<figure class=\"wp-block-image size-large\"><img loading=\"lazy\" decoding=\"async\" class=\"wp-image-2687\" src=\"https:\/\/feiradosimportados.org.br\/wp-content\/uploads\/2024\/07\/WhatsApp-Image-2024-07-04-at-13.34.01-e1720111312533-1024x710.jpeg\" sizes=\"auto, (max-width: 1024px) 100vw, 1024px\" srcset=\"https:\/\/feiradosimportados.org.br\/wp-content\/uploads\/2024\/07\/WhatsApp-Image-2024-07-04-at-13.34.01-e1720111312533-1024x710.jpeg 1024w, https:\/\/feiradosimportados.org.br\/wp-content\/uploads\/2024\/07\/WhatsApp-Image-2024-07-04-at-13.34.01-e1720111312533-300x208.jpeg 300w, https:\/\/feiradosimportados.org.br\/wp-content\/uploads\/2024\/07\/WhatsApp-Image-2024-07-04-at-13.34.01-e1720111312533-768x532.jpeg 768w, https:\/\/feiradosimportados.org.br\/wp-content\/uploads\/2024\/07\/WhatsApp-Image-2024-07-04-at-13.34.01-e1720111312533-600x416.jpeg 600w, https:\/\/feiradosimportados.org.br\/wp-content\/uploads\/2024\/07\/WhatsApp-Image-2024-07-04-at-13.34.01-e1720111312533.jpeg 1200w\" alt=\"Contribui\u00e7\u00f5es Econ\u00f4micas da Feira dos Importados\" width=\"1024\" height=\"710\" title=\"\"><\/figure>\n<p>A gera\u00e7\u00e3o de emprego \u00e9 um dos principais benef\u00edcios econ\u00f4micos da Feira dos Importados. S\u00e3o milhares de comerciantes e trabalhadores informais que dependem diretamente da feira para sua subsist\u00eancia. Desde vendedores e prestadores de servi\u00e7os at\u00e9 funcion\u00e1rios de seguran\u00e7a e manuten\u00e7\u00e3o, a feira oferece uma diversidade de oportunidades de trabalho. Al\u00e9m disso, muitos pequenos empreendedores encontram na Feira dos Importados um espa\u00e7o para iniciar e expandir seus neg\u00f3cios, contribuindo para a dinamiza\u00e7\u00e3o da economia local.<\/p>\n<p>Contudo, a Feira dos Importados enfrenta desafios econ\u00f4micos que amea\u00e7am sua sustentabilidade. A informalidade e a falta de infraestrutura adequada s\u00e3o problemas recorrentes que impactam o funcionamento eficiente do mercado. O reconhecimento pela Lei n\u00ba 7.519 como um ponto de interesse cultural, social e econ\u00f4mico pode ser um passo importante para a supera\u00e7\u00e3o desses obst\u00e1culos. Este reconhecimento pode atrair investimentos p\u00fablicos e privados, melhorar as condi\u00e7\u00f5es de trabalho e incentivar pol\u00edticas de desenvolvimento urbano que beneficiem tanto os comerciantes quanto os consumidores.<\/p>\n<p>O impacto no turismo local tamb\u00e9m n\u00e3o pode ser subestimado. A Feira dos Importados \u00e9 um ponto de atra\u00e7\u00e3o para turistas de outras regi\u00f5es do Brasil e at\u00e9 do exterior, que v\u00eam em busca de produtos variados e pre\u00e7os competitivos. Esse fluxo tur\u00edstico impulsiona n\u00e3o apenas o com\u00e9rcio da feira, mas tamb\u00e9m os setores de hospedagem, alimenta\u00e7\u00e3o e transporte, criando um efeito multiplicador na economia do Distrito Federal.<\/p>\n","protected":false},"excerpt":{"rendered":"<p><img loading=\"lazy\" decoding=\"async\" class=\"wp-image-2145 size-full\" src=\"https:\/\/sindifeira.org.br\/wp-content\/uploads\/2024\/07\/WhatsApp-Image-2024-07-04-at-13.38.41.jpeg\" alt=\"Feira dos Importados de Taguatinga: Reconhecimento de Interesse Cultural, Social e Econ\u00f4mico\" width=\"1280\" height=\"604\" srcset=\"https:\/\/sindifeira.org.br\/wp-content\/uploads\/2024\/07\/WhatsApp-Image-2024-07-04-at-13.38.41.jpeg 1280w, https:\/\/sindifeira.org.br\/wp-content\/uploads\/2024\/07\/WhatsApp-Image-2024-07-04-at-13.38.41-300x142.jpeg 300w, https:\/\/sindifeira.org.br\/wp-content\/uploads\/2024\/07\/WhatsApp-Image-2024-07-04-at-13.38.41-1024x483.jpeg 1024w, https:\/\/sindifeira.org.br\/wp-content\/uploads\/2024\/07\/WhatsApp-Image-2024-07-04-at-13.38.41-768x362.jpeg 768w\" sizes=\"auto, (max-width: 1280px) 100vw, 1280px\" \/><\/p>\n<p>A Feira dos Importados de Taguatinga possui uma trajet\u00f3ria rica e significativa que remonta a v\u00e1rias d\u00e9cadas. Iniciada em 11 de outubro de 1996 quando os primeiros vendedores ambulantes come\u00e7aram a ocupar uma \u00e1rea cedida pelo Governo do Distrito Federal (GDF) para expor seus produtos. A Feira dos Importados de Taguatinga, montada em um espa\u00e7o de quase 5 mil metros quadrados, a feira rapidamente se tornou um marco importante na regi\u00e3o. No in\u00edcio, os vendedores ofereciam uma sele\u00e7\u00e3o limitada de mercadorias, mas a demanda crescente e o aumento do fluxo de visitantes promoveram uma expans\u00e3o consider\u00e1vel ao longo dos anos.<\/p>\n","protected":false},"author":1,"featured_media":2145,"comment_status":"open","ping_status":"open","sticky":false,"template":"","format":"standard","meta":{"advgb_blocks_editor_width":"","advgb_blocks_columns_visual_guide":"","footnotes":""},"categories":[1,10,30],"tags":[138,140,17,45,137,139,46],"class_list":["post-2144","post","type-post","status-publish","format-standard","has-post-thumbnail","hentry","category-blog","category-feiras-do-df","category-noticias","tag-cultural","tag-economico","tag-feira","tag-importados","tag-reconhecimento","tag-social","tag-taguatinga"],"author_meta":{"display_name":"OrlandoPassos","author_link":"https:\/\/sindifeira.org.br\/author\/orlandopassos\/"},"featured_img":"https:\/\/sindifeira.org.br\/wp-content\/uploads\/2024\/07\/WhatsApp-Image-2024-07-04-at-13.38.41-300x142.jpeg","coauthors":[],"tax_additional":{"categories":{"linked":["<a href=\"https:\/\/sindifeira.org.br\/index.php\/category\/blog\/\" class=\"advgb-post-tax-term\">Blog<\/a>","<a href=\"https:\/\/sindifeira.org.br\/index.php\/category\/feiras-do-df\/\" class=\"advgb-post-tax-term\">Feiras do DF<\/a>","<a href=\"https:\/\/sindifeira.org.br\/index.php\/category\/noticias\/\" class=\"advgb-post-tax-term\">Noticias<\/a>"],"unlinked":["<span class=\"advgb-post-tax-term\">Blog<\/span>","<span class=\"advgb-post-tax-term\">Feiras do DF<\/span>","<span class=\"advgb-post-tax-term\">Noticias<\/span>"]},"tags":{"linked":["<a href=\"https:\/\/sindifeira.org.br\/index.php\/category\/noticias\/\" class=\"advgb-post-tax-term\">Cultural<\/a>","<a href=\"https:\/\/sindifeira.org.br\/index.php\/category\/noticias\/\" class=\"advgb-post-tax-term\">Econ\u00f4mico<\/a>","<a href=\"https:\/\/sindifeira.org.br\/index.php\/category\/noticias\/\" class=\"advgb-post-tax-term\">Feira<\/a>","<a href=\"https:\/\/sindifeira.org.br\/index.php\/category\/noticias\/\" class=\"advgb-post-tax-term\">Importados<\/a>","<a href=\"https:\/\/sindifeira.org.br\/index.php\/category\/noticias\/\" class=\"advgb-post-tax-term\">Reconhecimento<\/a>","<a href=\"https:\/\/sindifeira.org.br\/index.php\/category\/noticias\/\" class=\"advgb-post-tax-term\">Social<\/a>","<a href=\"https:\/\/sindifeira.org.br\/index.php\/category\/noticias\/\" class=\"advgb-post-tax-term\">Taguatinga<\/a>"],"unlinked":["<span class=\"advgb-post-tax-term\">Cultural<\/span>","<span class=\"advgb-post-tax-term\">Econ\u00f4mico<\/span>","<span class=\"advgb-post-tax-term\">Feira<\/span>","<span class=\"advgb-post-tax-term\">Importados<\/span>","<span class=\"advgb-post-tax-term\">Reconhecimento<\/span>","<span class=\"advgb-post-tax-term\">Social<\/span>","<span class=\"advgb-post-tax-term\">Taguatinga<\/span>"]}},"comment_count":"5895","relative_dates":{"created":"Publicado 2 anos atr\u00e1s","modified":"Atualizado 2 anos atr\u00e1s"},"absolute_dates":{"created":"Publicado em 4 de julho de 2024","modified":"Atualizado em 4 de julho de 2024"},"absolute_dates_time":{"created":"Publicado em 4 de julho de 2024 14:01","modified":"Atualizado em 4 de julho de 2024 14:11"},"featured_img_caption":"Feira dos Importados de Taguatinga: Reconhecimento de Interesse Cultural, Social e Econ\u00f4micoFeira dos Importados de Taguatinga: Reconhecimento de Interesse Cultural, Social e Econ\u00f4mico","series_order":"","_links":{"self":[{"href":"https:\/\/sindifeira.org.br\/index.php\/wp-json\/wp\/v2\/posts\/2144","targetHints":{"allow":["GET"]}}],"collection":[{"href":"https:\/\/sindifeira.org.br\/index.php\/wp-json\/wp\/v2\/posts"}],"about":[{"href":"https:\/\/sindifeira.org.br\/index.php\/wp-json\/wp\/v2\/types\/post"}],"author":[{"embeddable":true,"href":"https:\/\/sindifeira.org.br\/index.php\/wp-json\/wp\/v2\/users\/1"}],"replies":[{"embeddable":true,"href":"https:\/\/sindifeira.org.br\/index.php\/wp-json\/wp\/v2\/comments?post=2144"}],"version-history":[{"count":4,"href":"https:\/\/sindifeira.org.br\/index.php\/wp-json\/wp\/v2\/posts\/2144\/revisions"}],"predecessor-version":[{"id":2149,"href":"https:\/\/sindifeira.org.br\/index.php\/wp-json\/wp\/v2\/posts\/2144\/revisions\/2149"}],"wp:featuredmedia":[{"embeddable":true,"href":"https:\/\/sindifeira.org.br\/index.php\/wp-json\/wp\/v2\/media\/2145"}],"wp:attachment":[{"href":"https:\/\/sindifeira.org.br\/index.php\/wp-json\/wp\/v2\/media?parent=2144"}],"wp:term":[{"taxonomy":"category","embeddable":true,"href":"https:\/\/sindifeira.org.br\/index.php\/wp-json\/wp\/v2\/categories?post=2144"},{"taxonomy":"post_tag","embeddable":true,"href":"https:\/\/sindifeira.org.br\/index.php\/wp-json\/wp\/v2\/tags?post=2144"}],"curies":[{"name":"wp","href":"https:\/\/api.w.org\/{rel}","templated":true}]}}