{"id":1212,"date":"2019-09-24T15:37:40","date_gmt":"2019-09-24T18:37:40","guid":{"rendered":"http:\/\/www.agenciabrasilia.df.gov.br\/?p=166701"},"modified":"2023-10-26T22:16:48","modified_gmt":"2023-10-27T01:16:48","slug":"brasilia-e-um-dos-destaques-na-47a-abav-expo-internacional","status":"publish","type":"post","link":"https:\/\/sindifeira.org.br\/index.php\/2019\/09\/24\/brasilia-e-um-dos-destaques-na-47a-abav-expo-internacional\/","title":{"rendered":"Bras\u00edlia \u00e9 um dos destaques na 47\u00aa Abav Expo Internacional"},"content":{"rendered":"<p><img decoding=\"async\" width=\"960\" height=\"491\" src=\"https:\/\/www.agenciabrasilia.df.gov.br\/wp-conteudo\/uploads\/2019\/09\/24.9.-Abav.-Setur-divulga%C3%A7%C3%A3o.-.jpeg\" class=\"attachment-foto-grande size-foto-grande wp-post-image\" alt=\"\" loading=\"lazy\" srcset=\"https:\/\/www.agenciabrasilia.df.gov.br\/wp-conteudo\/uploads\/2019\/09\/24.9.-Abav.-Setur-divulga\u00e7\u00e3o.-.jpeg 960w, https:\/\/www.agenciabrasilia.df.gov.br\/wp-conteudo\/uploads\/2019\/09\/24.9.-Abav.-Setur-divulga\u00e7\u00e3o.--300x153.jpeg 300w, https:\/\/www.agenciabrasilia.df.gov.br\/wp-conteudo\/uploads\/2019\/09\/24.9.-Abav.-Setur-divulga\u00e7\u00e3o.--768x393.jpeg 768w, https:\/\/www.agenciabrasilia.df.gov.br\/wp-conteudo\/uploads\/2019\/09\/24.9.-Abav.-Setur-divulga\u00e7\u00e3o.--194x99.jpeg 194w, https:\/\/www.agenciabrasilia.df.gov.br\/wp-conteudo\/uploads\/2019\/09\/24.9.-Abav.-Setur-divulga\u00e7\u00e3o.--160x82.jpeg 160w, https:\/\/www.agenciabrasilia.df.gov.br\/wp-conteudo\/uploads\/2019\/09\/24.9.-Abav.-Setur-divulga\u00e7\u00e3o.--256x131.jpeg 256w\" sizes=\"auto, (max-width: 960px) 100vw, 960px\" title=\"\"><\/p>\n<p style=\"text-align: justify;\">Os atrativos de Bras\u00edlia ser\u00e3o apresentados a um p\u00fablico estimado em mais de 30 mil pessoas, durante a 47\u00aa Abav Expo Internacional, que come\u00e7a nesta quarta-feira (25) e vai at\u00e9 sexta (27), em S\u00e3o Paulo (SP). No estande do Minist\u00e9rio do Turismo, o espa\u00e7o montado pela Secretaria de Turismo (Setur) oferecer\u00e1 material de divulga\u00e7\u00e3o, exibi\u00e7\u00e3o de v\u00eddeos e atendimento personalizado sobre as especificidades tur\u00edsticas da capital.<\/p>\n<p style=\"text-align: justify;\">\u201cDurante toda a feira, estaremos apresentando as in\u00fameras experi\u00eancias que a capital do Brasil, detentora dos t\u00edtulos da Unesco de Patrim\u00f4nio Cultural Mundial e de Cidade Criativa do Design, oferece\u201d, resume a secret\u00e1ria de Turismo, Vanessa Mendon\u00e7a. \u201cSomos uma atra\u00e7\u00e3o tur\u00edstica completa.\u201d<\/p>\n<p style=\"text-align: justify;\">Durante reuni\u00f5es com representantes de companhias a\u00e9reas e de associa\u00e7\u00f5es de p\u00fablico segmentado, ser\u00e3o discutidas as propostas de ampliar a oferta de voos nacionais e internacionais no Aeroporto Juscelino Kubistchek e a possibilidade de oferecer rotas personalizadas.<\/p>\n<p style=\"text-align: justify;\">Tamb\u00e9m est\u00e3o previstos encontros com representantes das unidades de Conventions\u00a0&amp; Visitors\u00a0Bureau\u00a0de S\u00e3o Paulo e do Rio de Janeiro, bem como do International Congress and Conventions Association (Icca) para ampliar a quantidade de eventos realizados em Bras\u00edlia. A capital federal, atualmente, ocupa o quarto lugar no ranking em n\u00famero de eventos no Brasil.<\/p>\n<p style=\"text-align: justify;\"><strong>Turismo c\u00edvico<\/strong><\/p>\n<p style=\"text-align: justify;\">Promovido pela Setur, o projeto de turismo c\u00edvico tamb\u00e9m ganhar\u00e1 destaque na 47\u00aa Abav Expo Internacional. No in\u00edcio deste ano, foi lan\u00e7ado o programa \u201cTurismo c\u00edvico: Primeira manh\u00e3 c\u00edvica \u2013 Bras\u00edlia: O Brasil come\u00e7a aqui\u201d, que acrescentou \u00e0 solenidade mensal da Troca da Bandeira a\u00e7\u00f5es culturais para p\u00fablicos de todas as idades e j\u00e1 est\u00e1 sendo trabalhado como produto pelas operadoras de turismo.<\/p>\n<p style=\"text-align: justify;\">\u201c\u00c9 um evento que sempre aconteceu, mas que n\u00e3o era explorado de forma tur\u00edstica\u201d, avalia Vanessa Mendon\u00e7a. A \u00faltima edi\u00e7\u00e3o da Troca da Bandeira, no primeiro domingo de setembro, reuniu cerca de tr\u00eas mil pessoas na Pra\u00e7a dos Tr\u00eas Poderes.<\/p>\n<p style=\"text-align: justify;\">Al\u00e9m disso, est\u00e3o sendo firmadas parcerias com \u00f3rg\u00e3os p\u00fablicos para que os pr\u00e9dios oficiais de Bras\u00edlia que possuem visita\u00e7\u00e3o recebam grupos de alunos da capital brasileira e de outras cidades e estados. Por meio dessas a\u00e7\u00f5es, a Setur investe cada vez mais no potencial tur\u00edstico de Bras\u00edlia.<\/p>\n<p style=\"text-align: justify;\">* <em>Com informa\u00e7\u00f5es da Setur<\/em><\/p>\n<p>The post <a rel=\"nofollow noopener\" href=\"https:\/\/www.agenciabrasilia.df.gov.br\/2019\/09\/24\/brasilia-e-um-dos-destaques-na-47a-abav-expo-internacional\/\" target=\"_blank\">Bras\u00edlia \u00e9 um dos destaques na 47\u00aa Abav Expo Internacional<\/a> appeared first on <a rel=\"nofollow noopener\" href=\"https:\/\/www.agenciabrasilia.df.gov.br\/\" target=\"_blank\">Ag\u00eancia Bras\u00edlia<\/a>.<\/p>\n","protected":false},"excerpt":{"rendered":"<p><img decoding=\"async\" width=\"960\" height=\"491\" src=\"https:\/\/www.agenciabrasilia.df.gov.br\/wp-conteudo\/uploads\/2019\/09\/24.9.-Abav.-Setur-divulga%C3%A7%C3%A3o.-.jpeg\" class=\"attachment-foto-grande size-foto-grande wp-post-image\" alt=\"\" loading=\"lazy\">Apresentando projetos bem-sucedidos no setor tur\u00edstico, Setur marca presen\u00e7a, a partir desta quarta-feira (25), em uma das maiores feiras do pa\u00eds<\/p>\n<p>The post <a rel=\"nofollow\" href=\"https:\/\/www.agenciabrasilia.df.gov.br\/2019\/09\/24\/brasilia-e-um-dos-destaques-na-47a-abav-expo-internacional\/\">Bras\u00edlia \u00e9 um dos destaques na 47\u00aa Abav Expo Internacional<\/a> appeared first on <a rel=\"nofollow\" href=\"https:\/\/www.agenciabrasilia.df.gov.br\/\">Ag\u00eancia Bras\u00edlia<\/a>.<\/p>\n","protected":false},"author":42,"featured_media":0,"comment_status":"closed","ping_status":"closed","sticky":false,"template":"","format":"standard","meta":{"advgb_blocks_editor_width":"","advgb_blocks_columns_visual_guide":"","footnotes":""},"categories":[1],"tags":[],"class_list":["post-1212","post","type-post","status-publish","format-standard","hentry","category-blog"],"author_meta":{"display_name":"","author_link":"https:\/\/sindifeira.org.br\/author\/"},"featured_img":null,"coauthors":[],"tax_additional":{"categories":{"linked":["<a href=\"https:\/\/sindifeira.org.br\/index.php\/category\/blog\/\" class=\"advgb-post-tax-term\">Blog<\/a>"],"unlinked":["<span class=\"advgb-post-tax-term\">Blog<\/span>"]}},"comment_count":"0","relative_dates":{"created":"Publicado 7 anos atr\u00e1s","modified":"Atualizado 2 anos atr\u00e1s"},"absolute_dates":{"created":"Publicado em 24 de setembro de 2019","modified":"Atualizado em 26 de outubro de 2023"},"absolute_dates_time":{"created":"Publicado em 24 de setembro de 2019 15:37","modified":"Atualizado em 26 de outubro de 2023 22:16"},"featured_img_caption":"","series_order":"","_links":{"self":[{"href":"https:\/\/sindifeira.org.br\/index.php\/wp-json\/wp\/v2\/posts\/1212","targetHints":{"allow":["GET"]}}],"collection":[{"href":"https:\/\/sindifeira.org.br\/index.php\/wp-json\/wp\/v2\/posts"}],"about":[{"href":"https:\/\/sindifeira.org.br\/index.php\/wp-json\/wp\/v2\/types\/post"}],"author":[{"embeddable":true,"href":"https:\/\/sindifeira.org.br\/index.php\/wp-json\/wp\/v2\/users\/42"}],"replies":[{"embeddable":true,"href":"https:\/\/sindifeira.org.br\/index.php\/wp-json\/wp\/v2\/comments?post=1212"}],"version-history":[{"count":2,"href":"https:\/\/sindifeira.org.br\/index.php\/wp-json\/wp\/v2\/posts\/1212\/revisions"}],"predecessor-version":[{"id":2046,"href":"https:\/\/sindifeira.org.br\/index.php\/wp-json\/wp\/v2\/posts\/1212\/revisions\/2046"}],"wp:attachment":[{"href":"https:\/\/sindifeira.org.br\/index.php\/wp-json\/wp\/v2\/media?parent=1212"}],"wp:term":[{"taxonomy":"category","embeddable":true,"href":"https:\/\/sindifeira.org.br\/index.php\/wp-json\/wp\/v2\/categories?post=1212"},{"taxonomy":"post_tag","embeddable":true,"href":"https:\/\/sindifeira.org.br\/index.php\/wp-json\/wp\/v2\/tags?post=1212"}],"curies":[{"name":"wp","href":"https:\/\/api.w.org\/{rel}","templated":true}]}}