{"id":1208,"date":"2021-05-16T12:57:43","date_gmt":"2021-05-16T15:57:43","guid":{"rendered":"http:\/\/www.agenciabrasilia.df.gov.br\/?p=295674"},"modified":"2023-10-26T22:07:04","modified_gmt":"2023-10-27T01:07:04","slug":"comecam-as-reformas-em-parquinhos-da-candangolandia","status":"publish","type":"post","link":"https:\/\/sindifeira.org.br\/index.php\/2021\/05\/16\/comecam-as-reformas-em-parquinhos-da-candangolandia\/","title":{"rendered":"Come\u00e7am as reformas em parquinhos da Candangol\u00e2ndia"},"content":{"rendered":"<p><img decoding=\"async\" width=\"1280\" height=\"850\" src=\"https:\/\/www.agenciabrasilia.df.gov.br\/wp-conteudo\/uploads\/2021\/05\/WhatsApp-Image-2021-05-16-at-12.06.45-1.jpeg\" class=\"attachment-foto-grande size-foto-grande wp-post-image\" alt=\"Foto: Paulo H Carvalho \/ Ag\u00eancia Bras\u00edlia\" loading=\"lazy\" srcset=\"https:\/\/www.agenciabrasilia.df.gov.br\/wp-conteudo\/uploads\/2021\/05\/WhatsApp-Image-2021-05-16-at-12.06.45-1.jpeg 1280w, https:\/\/www.agenciabrasilia.df.gov.br\/wp-conteudo\/uploads\/2021\/05\/WhatsApp-Image-2021-05-16-at-12.06.45-1-300x199.jpeg 300w, https:\/\/www.agenciabrasilia.df.gov.br\/wp-conteudo\/uploads\/2021\/05\/WhatsApp-Image-2021-05-16-at-12.06.45-1-768x510.jpeg 768w, https:\/\/www.agenciabrasilia.df.gov.br\/wp-conteudo\/uploads\/2021\/05\/WhatsApp-Image-2021-05-16-at-12.06.45-1-1024x680.jpeg 1024w, https:\/\/www.agenciabrasilia.df.gov.br\/wp-conteudo\/uploads\/2021\/05\/WhatsApp-Image-2021-05-16-at-12.06.45-1-256x170.jpeg 256w, https:\/\/www.agenciabrasilia.df.gov.br\/wp-conteudo\/uploads\/2021\/05\/WhatsApp-Image-2021-05-16-at-12.06.45-1-149x99.jpeg 149w, https:\/\/www.agenciabrasilia.df.gov.br\/wp-conteudo\/uploads\/2021\/05\/WhatsApp-Image-2021-05-16-at-12.06.45-1-160x106.jpeg 160w, https:\/\/www.agenciabrasilia.df.gov.br\/wp-conteudo\/uploads\/2021\/05\/WhatsApp-Image-2021-05-16-at-12.06.45-1-1200x797.jpeg 1200w\" sizes=\"auto, (max-width: 1280px) 100vw, 1280px\" title=\"\"><\/p>\n<p>Os parques infantis da Candangol\u00e2ndia est\u00e3o passando por reformas. Entre os servi\u00e7os est\u00e3o: pintura, conserto de alambrados e port\u00f5es, troca de areia e substitui\u00e7\u00e3o de brinquedos. A reestrutura\u00e7\u00e3o visa melhorar os espa\u00e7os p\u00fablicos, proporcionando mais conforto e seguran\u00e7a para as fam\u00edlias.<\/p>\n<p>\u201cQuando algu\u00e9m reclama que o mato est\u00e1 alto em um parque, n\u00e3o fazemos somente a capinagem. Aproveitamos para dar uma arrumada em tudo e levantar os servi\u00e7os que necessitam para acionar a Novacap\u201d, disse o administrador da Candangol\u00e2ndia, Jos\u00e9 Luiz Gonzalez Rodriguez.<\/p>\n<figure id=\"attachment_296106\" aria-describedby=\"caption-attachment-296106\" style=\"width: 1280px\" class=\"wp-caption alignnone\"><a href=\"http:\/\/www.agenciabrasilia.df.gov.br\/2021\/05\/16\/comecam-as-reformas-em-parquinhos-da-candagolandia\/whatsapp-image-2021-05-16-at-12-06-45\/\" rel=\"attachment wp-att-296106 nofollow noopener\" target=\"_blank\"><img decoding=\"async\" loading=\"lazy\" src=\"http:\/\/www.agenciabrasilia.df.gov.br\/wp-conteudo\/uploads\/2021\/05\/WhatsApp-Image-2021-05-16-at-12.06.45.jpeg\" alt=\"\" width=\"1280\" height=\"850\" class=\"wp-image-296106 size-full\" srcset=\"https:\/\/www.agenciabrasilia.df.gov.br\/wp-conteudo\/uploads\/2021\/05\/WhatsApp-Image-2021-05-16-at-12.06.45.jpeg 1280w, https:\/\/www.agenciabrasilia.df.gov.br\/wp-conteudo\/uploads\/2021\/05\/WhatsApp-Image-2021-05-16-at-12.06.45-300x199.jpeg 300w, https:\/\/www.agenciabrasilia.df.gov.br\/wp-conteudo\/uploads\/2021\/05\/WhatsApp-Image-2021-05-16-at-12.06.45-768x510.jpeg 768w, https:\/\/www.agenciabrasilia.df.gov.br\/wp-conteudo\/uploads\/2021\/05\/WhatsApp-Image-2021-05-16-at-12.06.45-1024x680.jpeg 1024w, https:\/\/www.agenciabrasilia.df.gov.br\/wp-conteudo\/uploads\/2021\/05\/WhatsApp-Image-2021-05-16-at-12.06.45-256x170.jpeg 256w, https:\/\/www.agenciabrasilia.df.gov.br\/wp-conteudo\/uploads\/2021\/05\/WhatsApp-Image-2021-05-16-at-12.06.45-149x99.jpeg 149w, https:\/\/www.agenciabrasilia.df.gov.br\/wp-conteudo\/uploads\/2021\/05\/WhatsApp-Image-2021-05-16-at-12.06.45-160x106.jpeg 160w, https:\/\/www.agenciabrasilia.df.gov.br\/wp-conteudo\/uploads\/2021\/05\/WhatsApp-Image-2021-05-16-at-12.06.45-1200x797.jpeg 1200w\" sizes=\"auto, (max-width: 1280px) 100vw, 1280px\" title=\"\"><\/a><figcaption id=\"caption-attachment-296106\" class=\"wp-caption-text\">O custo para a renova\u00e7\u00e3o dos parquinhos \u00e9 da Administra\u00e7\u00e3o Regional da Candangol\u00e2ndia. Uma equipe de quatro funcion\u00e1rios do \u00f3rg\u00e3o trabalha nas obras <span>| Foto: Paulo H Carvalho\/ Ag\u00eancia Bras\u00edlia<\/span><\/figcaption><\/figure>\n<p>As modifica\u00e7\u00f5es j\u00e1 foram conclu\u00eddas em dois dos oito parques infantis da cidade \u2013 os das QR 4 e 2 , este \u00faltimo em frente ao sal\u00e3o comunit\u00e1rio. E come\u00e7aram as obras no parquinho da QR O,\u00a0 pr\u00f3ximo \u00e0 administra\u00e7\u00e3o local.<\/p>\n<p>\u201cDepois que terminarmos essa reforma, vamos atuar nos demais parquinhos, de acordo com a demanda de moradores. Temos um parquinho dentro da Pra\u00e7a do Bosque, na Pra\u00e7a dos Estados, no final da QR 5, outro na QR 7 e outro menor na Q1 A \u201c, enumerou o administrador.<\/p>\n<p><strong>Recursos<\/strong><\/p>\n<p>O custo para a renova\u00e7\u00e3o dos parquinhos \u00e9 da Administra\u00e7\u00e3o Regional da Candangol\u00e2ndia, segundo Rodriguez. Uma equipe de quatro funcion\u00e1rios do \u00f3rg\u00e3o trabalha nas obras. Ela aproveita os materiais dispon\u00edveis na administra\u00e7\u00e3o, alguns deles origin\u00e1rios de outras obras grandes, como a Feira Permanente.<\/p>\n<p>&#8220;Substitu\u00edmos o alambrado da feira permanente por um gradil. Agora, esse alambrado est\u00e1 sendo reaproveitado em outras obras. J\u00e1 para demandas mais complexas, onde \u00e9 preciso outros materiais que n\u00e3o temos, estamos listando tudo para fazer a solicita\u00e7\u00e3o de conserto \u00e0 Novacap\u201d, explica o administrador.<\/p>\n<figure id=\"attachment_296107\" aria-describedby=\"caption-attachment-296107\" style=\"width: 1280px\" class=\"wp-caption aligncenter\"><a href=\"http:\/\/www.agenciabrasilia.df.gov.br\/2021\/05\/16\/comecam-as-reformas-em-parquinhos-da-candagolandia\/whatsapp-image-2021-05-16-at-12-06-44\/\" rel=\"attachment wp-att-296107 nofollow noopener\" target=\"_blank\"><img decoding=\"async\" loading=\"lazy\" src=\"http:\/\/www.agenciabrasilia.df.gov.br\/wp-conteudo\/uploads\/2021\/05\/WhatsApp-Image-2021-05-16-at-12.06.44.jpeg\" alt=\"\" width=\"1280\" height=\"850\" class=\"wp-image-296107 size-full\" srcset=\"https:\/\/www.agenciabrasilia.df.gov.br\/wp-conteudo\/uploads\/2021\/05\/WhatsApp-Image-2021-05-16-at-12.06.44.jpeg 1280w, https:\/\/www.agenciabrasilia.df.gov.br\/wp-conteudo\/uploads\/2021\/05\/WhatsApp-Image-2021-05-16-at-12.06.44-300x199.jpeg 300w, https:\/\/www.agenciabrasilia.df.gov.br\/wp-conteudo\/uploads\/2021\/05\/WhatsApp-Image-2021-05-16-at-12.06.44-768x510.jpeg 768w, https:\/\/www.agenciabrasilia.df.gov.br\/wp-conteudo\/uploads\/2021\/05\/WhatsApp-Image-2021-05-16-at-12.06.44-1024x680.jpeg 1024w, https:\/\/www.agenciabrasilia.df.gov.br\/wp-conteudo\/uploads\/2021\/05\/WhatsApp-Image-2021-05-16-at-12.06.44-256x170.jpeg 256w, https:\/\/www.agenciabrasilia.df.gov.br\/wp-conteudo\/uploads\/2021\/05\/WhatsApp-Image-2021-05-16-at-12.06.44-149x99.jpeg 149w, https:\/\/www.agenciabrasilia.df.gov.br\/wp-conteudo\/uploads\/2021\/05\/WhatsApp-Image-2021-05-16-at-12.06.44-160x106.jpeg 160w, https:\/\/www.agenciabrasilia.df.gov.br\/wp-conteudo\/uploads\/2021\/05\/WhatsApp-Image-2021-05-16-at-12.06.44-1200x797.jpeg 1200w\" sizes=\"auto, (max-width: 1280px) 100vw, 1280px\" title=\"\"><\/a><figcaption id=\"caption-attachment-296107\" class=\"wp-caption-text\">As modifica\u00e7\u00f5es j\u00e1 foram conclu\u00eddas em dois dos oito parques infantis da cidade \u2013 os das QR 4 e 2 <strong>(vide foto)<\/strong> , este \u00faltimo em frente ao sal\u00e3o comunit\u00e1rio. E come\u00e7aram as obras no parquinho da QR O,\u00a0 pr\u00f3ximo \u00e0 administra\u00e7\u00e3o local <span>| <\/span><span>Foto: Paulo H Carvalho\/ Ag\u00eancia Bras\u00edlia<\/span><\/figcaption><\/figure>\n<p>Moradora da QR 5, Eliana Camilo de Alencar, que trabalha com transporte escolar, defende a import\u00e2ncia de \u00e1reas de lazer para as crian\u00e7as. \u201c\u00c9 bom que a cidade tenha tudo arrumadinho para as crian\u00e7as brincarem, principalmente nesse momento de pandemia\u201d, afirma.<\/p>\n<p>Para o m\u00fasico Volmir Batista, que reside no Setor de Oficinas da Candangol\u00e2ndia, a administra\u00e7\u00e3o deve, sim, cuidar de pra\u00e7as e parquinhos da cidade. \u201c\u00c9 essencial que os parquinhos estejam em condi\u00e7\u00f5es de receber os moradores, com equipamentos prontos para as crian\u00e7as utilizarem\u201d, disse.<\/p>\n<p><strong>Raio X dos parquinhos da Candangol\u00e2ndia<\/strong><\/p>\n<p><strong>&#8211; Manuten\u00e7\u00e3o conclu\u00edda:<\/strong><br \/>\nQR 4<br \/>\nQR 2 (ao lado do sal\u00e3o comunit\u00e1rio)<\/p>\n<p><strong>&#8211; Obras de manuten\u00e7\u00e3o iniciadas:<\/strong><br \/>\nQR O (ao lado da administra\u00e7\u00e3o)<\/p>\n<p><strong>&#8211; Obras previstas:<\/strong><br \/>\nPra\u00e7a dos Estados<br \/>\nPra\u00e7a do Bosque<br \/>\nQR 1A<br \/>\nQR 5<br \/>\nQR 7<\/p>\n<p>The post <a rel=\"nofollow noopener\" href=\"https:\/\/www.agenciabrasilia.df.gov.br\/2021\/05\/16\/comecam-as-reformas-em-parquinhos-da-candangolandia\/\" target=\"_blank\">Come\u00e7am as reformas em parquinhos da Candangol\u00e2ndia<\/a> appeared first on <a rel=\"nofollow noopener\" href=\"https:\/\/www.agenciabrasilia.df.gov.br\/\" target=\"_blank\">Ag\u00eancia Bras\u00edlia<\/a>.<\/p>\n","protected":false},"excerpt":{"rendered":"<p><img decoding=\"async\" width=\"1280\" height=\"850\" src=\"https:\/\/www.agenciabrasilia.df.gov.br\/wp-conteudo\/uploads\/2021\/05\/WhatsApp-Image-2021-05-16-at-12.06.45-1.jpeg\" class=\"attachment-foto-grande size-foto-grande wp-post-image\" alt=\"Foto: Paulo H Carvalho \/ Ag\u00eancia Bras\u00edlia\" loading=\"lazy\">Das oito \u00e1reas de lazer infantil da cidade, duas j\u00e1 foram reformadas. Comunidade demostra satisfa\u00e7\u00e3o com a medida<\/p>\n<p>The post <a rel=\"nofollow\" href=\"https:\/\/www.agenciabrasilia.df.gov.br\/2021\/05\/16\/comecam-as-reformas-em-parquinhos-da-candangolandia\/\">Come\u00e7am as reformas em parquinhos da Candangol\u00e2ndia<\/a> appeared first on <a rel=\"nofollow\" href=\"https:\/\/www.agenciabrasilia.df.gov.br\/\">Ag\u00eancia Bras\u00edlia<\/a>.<\/p>\n","protected":false},"author":38,"featured_media":0,"comment_status":"closed","ping_status":"closed","sticky":false,"template":"","format":"standard","meta":{"advgb_blocks_editor_width":"","advgb_blocks_columns_visual_guide":"","footnotes":""},"categories":[1],"tags":[],"class_list":["post-1208","post","type-post","status-publish","format-standard","hentry","category-blog"],"author_meta":{"display_name":"","author_link":"https:\/\/sindifeira.org.br\/author\/"},"featured_img":null,"coauthors":[],"tax_additional":{"categories":{"linked":["<a href=\"https:\/\/sindifeira.org.br\/index.php\/category\/blog\/\" class=\"advgb-post-tax-term\">Blog<\/a>"],"unlinked":["<span class=\"advgb-post-tax-term\">Blog<\/span>"]}},"comment_count":"0","relative_dates":{"created":"Publicado 5 anos atr\u00e1s","modified":"Atualizado 3 anos atr\u00e1s"},"absolute_dates":{"created":"Publicado em 16 de maio de 2021","modified":"Atualizado em 26 de outubro de 2023"},"absolute_dates_time":{"created":"Publicado em 16 de maio de 2021 12:57","modified":"Atualizado em 26 de outubro de 2023 22:07"},"featured_img_caption":"","series_order":"","_links":{"self":[{"href":"https:\/\/sindifeira.org.br\/index.php\/wp-json\/wp\/v2\/posts\/1208","targetHints":{"allow":["GET"]}}],"collection":[{"href":"https:\/\/sindifeira.org.br\/index.php\/wp-json\/wp\/v2\/posts"}],"about":[{"href":"https:\/\/sindifeira.org.br\/index.php\/wp-json\/wp\/v2\/types\/post"}],"author":[{"embeddable":true,"href":"https:\/\/sindifeira.org.br\/index.php\/wp-json\/wp\/v2\/users\/38"}],"replies":[{"embeddable":true,"href":"https:\/\/sindifeira.org.br\/index.php\/wp-json\/wp\/v2\/comments?post=1208"}],"version-history":[{"count":5,"href":"https:\/\/sindifeira.org.br\/index.php\/wp-json\/wp\/v2\/posts\/1208\/revisions"}],"predecessor-version":[{"id":2021,"href":"https:\/\/sindifeira.org.br\/index.php\/wp-json\/wp\/v2\/posts\/1208\/revisions\/2021"}],"wp:attachment":[{"href":"https:\/\/sindifeira.org.br\/index.php\/wp-json\/wp\/v2\/media?parent=1208"}],"wp:term":[{"taxonomy":"category","embeddable":true,"href":"https:\/\/sindifeira.org.br\/index.php\/wp-json\/wp\/v2\/categories?post=1208"},{"taxonomy":"post_tag","embeddable":true,"href":"https:\/\/sindifeira.org.br\/index.php\/wp-json\/wp\/v2\/tags?post=1208"}],"curies":[{"name":"wp","href":"https:\/\/api.w.org\/{rel}","templated":true}]}}