{"id":1153,"date":"2020-06-26T21:04:12","date_gmt":"2020-06-27T00:04:12","guid":{"rendered":"http:\/\/agenciabrasilia.df.gov.br\/?p=216249"},"modified":"2023-10-26T22:13:55","modified_gmt":"2023-10-27T01:13:55","slug":"covid-19-saude-ja-testou-486-feirantes","status":"publish","type":"post","link":"https:\/\/sindifeira.org.br\/index.php\/2020\/06\/26\/covid-19-saude-ja-testou-486-feirantes\/","title":{"rendered":"Covid-19: Sa\u00fade j\u00e1 testou 486 feirantes"},"content":{"rendered":"<p><img decoding=\"async\" width=\"1920\" height=\"1080\" src=\"https:\/\/www.agenciabrasilia.df.gov.br\/wp-conteudo\/uploads\/2020\/06\/FOTO-GEOVANA-ALBUQUERQUE-SA%C3%9ADE-DF-1-2-1-1920x1080.jpg\" class=\"attachment-foto-grande size-foto-grande wp-post-image\" alt=\"\" loading=\"lazy\" srcset=\"https:\/\/www.agenciabrasilia.df.gov.br\/wp-conteudo\/uploads\/2020\/06\/FOTO-GEOVANA-ALBUQUERQUE-SA\u00daDE-DF-1-2-1-1920x1080.jpg 1920w, https:\/\/www.agenciabrasilia.df.gov.br\/wp-conteudo\/uploads\/2020\/06\/FOTO-GEOVANA-ALBUQUERQUE-SA\u00daDE-DF-1-2-1-960x540.jpg 960w\" sizes=\"auto, (max-width: 1920px) 100vw, 1920px\" title=\"\"><\/p>\n<p style=\"text-align: justify;\">A testagem nos feirantes e produtores rurais para\u00a0 Covid-19 continua ocorrendo no Distrito Federal. As feiras t\u00eam recebido a visita das equipes de sa\u00fade da fam\u00edlia que atuam nas unidades b\u00e1sicas de sa\u00fade. Os servidores fazem uma triagem, em cada box, e avaliam cada feirante. Aqueles que apresentam sintomas s\u00e3o encaminhados para testagem na UBS mais pr\u00f3xima. At\u00e9 o momento, 446 trabalhadores foram encaminhados para fazer o teste na Aten\u00e7\u00e3o Prim\u00e1ria. Deste total, 28 foram positivos para o novo coronav\u00edrus (Sars-CoV-2).<\/p>\n<p style=\"text-align: justify;\">Nesta sexta feira (26), a a\u00e7\u00e3o da Secretaria de Sa\u00fade esteve na feira do Gama. Foram 220 feirantes encaminhados para fazer o teste que resultou em nove detec\u00e7\u00f5es. As a\u00e7\u00f5es j\u00e1 ocorreram nas feiras de Ceil\u00e2ndia, Sobradinho e N\u00facleo Bandeirante.<\/p>\n<p style=\"text-align: justify;\"><strong>Drive-thru<\/strong><\/p>\n<p style=\"text-align: justify;\">O DF j\u00e1 fez, por drive-thru, 220.904 testes r\u00e1pidos e confirmou \u00e0 Covid-19 em 16.450 exames. Essa modalidade de testagem come\u00e7ou no dia 21 de abril. O drive do Parano\u00e1, que recebe os moradores da regi\u00e3o e do Itapo\u00e3, S\u00e3o Sebasti\u00e3o, Jardins Mangueiral, Jardim Bot\u00e2nico e Lago Sul, foi a unidade com mais registros da doen\u00e7a, com 3.086 casos de um total de 16.250 testes. O posto de Ceil\u00e2ndia, que tamb\u00e9m atende o Sol Nascente, fez 22.124 exames com 2.331 resultados positivos.<\/p>\n<p style=\"text-align: justify;\">Nesta sexta-feira (26), foram feitos 2.867 exames com 762 detec\u00e7\u00f5es do v\u00edrus.<\/p>\n<p style=\"text-align: justify;\">No Distrito Federal, a Secretaria de Sa\u00fade oferece gratuitamente duas formas de testagem e, para cada uma delas, h\u00e1 uma\u00a0indica\u00e7\u00e3o espec\u00edfica\u00a0de quando o exame deve ser feito. Os testes podem ser feitos em\u00a098 unidades b\u00e1sicas de sa\u00fade.<\/p>\n<p style=\"text-align: justify;\">O mais conhecido \u00e9 o teste r\u00e1pido, que \u00e9 feito a partir da coleta de uma gota de sangue, que detecta a presen\u00e7a de anticorpos que o organismo humano produz contra a Covid-19. Recomenda-se que ele seja feito a partir do oitavo dia do in\u00edcio dos sintomas, quando os anticorpos j\u00e1 s\u00e3o mais detect\u00e1veis. Ele j\u00e1 \u00e9 oferecido \u00e0 popula\u00e7\u00e3o em 98 unidades b\u00e1sicas de sa\u00fade (UBSs) espalhadas por todo o DF e o resultado costuma sair entre dez e 20 minutos.<\/p>\n<p style=\"text-align: justify;\">Esses testes s\u00e3o seguros, aprovados pela Ag\u00eancia Nacional de Vigil\u00e2ncia Sanit\u00e1ria (Anvisa) e apresentam sensibilidade superior a 86% e especificidade superior a 95%. Al\u00e9m disso, possuem avalia\u00e7\u00e3o t\u00e9cnica satisfat\u00f3ria pelo Instituto Nacional de Controle de Qualidade em Sa\u00fade (INCQS).<\/p>\n<p>O outro teste, chamado de RT-PCR, \u00e9 mais conhecido como swab nasal e oral, pois utiliza uma aste flex\u00edvel (cotonete) para colher pelas narinas e garganta o material gen\u00e9tico do paciente. Conforme a indica\u00e7\u00e3o do Minist\u00e9rio da Sa\u00fade, recomenda-se que seja coletado o material do paciente entre o terceiro e s\u00e9timo dia de sintomas, preferencialmente, quando a carga viral \u00e9 maior. Mas tamb\u00e9m pode ser feito at\u00e9 o d\u00e9cimo dia. O resultado costuma sair entre 24 a 72 horas.<\/p>\n<p style=\"text-align: justify;\"><strong>Unidades B\u00e1sicas de Sa\u00fade<\/strong><\/p>\n<p style=\"text-align: justify;\">As 172 unidades b\u00e1sicas de sa\u00fade est\u00e3o abertas e oferecem atendimento para casos suspeitos da Covid-19. S\u00e3o essas unidades que as pessoas com sintomas da doen\u00e7a devem procurar. L\u00e1, os cidad\u00e3os ser\u00e3o atendidos, avaliados e possivelmente far\u00e3o um exame.<\/p>\n<p style=\"text-align: justify;\">Os exames de pacientes que apresentarem sintomas s\u00e3o coletados nas pr\u00f3prias unidades. Al\u00e9m disso, \u00e9 realizada a estrat\u00e9gia\u00a0fast-track\u00a0(duplo fluxo), em que os pacientes com quadros respirat\u00f3rios entram em fluxos separados na unidade.<\/p>\n<p style=\"text-align: justify;\">A popula\u00e7\u00e3o do DF tamb\u00e9m conta com o TeleCovid pelos telefones 190 (Pol\u00edcia Militar), 193 (Bombeiros) e 199 (Defesa Civil).<\/p>\n<p style=\"text-align: justify;\">*Com informa\u00e7\u00f5es Secretaria de Sa\u00fade<\/p>\n<p>The post <a rel=\"nofollow noopener\" href=\"https:\/\/www.agenciabrasilia.df.gov.br\/2020\/06\/26\/covid-19-saude-ja-testou-466-feirantes\/\" target=\"_blank\">Covid-19: Sa\u00fade j\u00e1 testou 486 feirantes<\/a> appeared first on <a rel=\"nofollow noopener\" href=\"https:\/\/www.agenciabrasilia.df.gov.br\/\" target=\"_blank\">Ag\u00eancia Bras\u00edlia<\/a>.<\/p>\n","protected":false},"excerpt":{"rendered":"<p><img decoding=\"async\" width=\"1920\" height=\"1080\" src=\"https:\/\/www.agenciabrasilia.df.gov.br\/wp-conteudo\/uploads\/2020\/06\/FOTO-GEOVANA-ALBUQUERQUE-SA%C3%9ADE-DF-1-2-1-1920x1080.jpg\" class=\"attachment-foto-grande size-foto-grande wp-post-image\" alt=\"\" loading=\"lazy\" srcset=\"https:\/\/www.agenciabrasilia.df.gov.br\/wp-conteudo\/uploads\/2020\/06\/FOTO-GEOVANA-ALBUQUERQUE-SA\u00daDE-DF-1-2-1-1920x1080.jpg 1920w, https:\/\/www.agenciabrasilia.df.gov.br\/wp-conteudo\/uploads\/2020\/06\/FOTO-GEOVANA-ALBUQUERQUE-SA\u00daDE-DF-1-2-1-960x540.jpg 960w\" sizes=\"auto, (max-width: 1920px) 100vw, 1920px\">Por drive-thru, mais de 220 mil testes foram feitos no DF<\/p>\n<p>The post <a rel=\"nofollow\" href=\"https:\/\/www.agenciabrasilia.df.gov.br\/2020\/06\/26\/covid-19-saude-ja-testou-466-feirantes\/\">Covid-19: Sa\u00fade j\u00e1 testou 486 feirantes<\/a> appeared first on <a rel=\"nofollow\" href=\"https:\/\/www.agenciabrasilia.df.gov.br\/\">Ag\u00eancia Bras\u00edlia<\/a>.<\/p>\n","protected":false},"author":32,"featured_media":0,"comment_status":"closed","ping_status":"closed","sticky":false,"template":"","format":"standard","meta":{"advgb_blocks_editor_width":"","advgb_blocks_columns_visual_guide":"","footnotes":""},"categories":[1],"tags":[],"class_list":["post-1153","post","type-post","status-publish","format-standard","hentry","category-blog"],"author_meta":{"display_name":"","author_link":"https:\/\/sindifeira.org.br\/author\/"},"featured_img":null,"coauthors":[],"tax_additional":{"categories":{"linked":["<a href=\"https:\/\/sindifeira.org.br\/index.php\/category\/blog\/\" class=\"advgb-post-tax-term\">Blog<\/a>"],"unlinked":["<span class=\"advgb-post-tax-term\">Blog<\/span>"]}},"comment_count":"0","relative_dates":{"created":"Publicado 6 anos atr\u00e1s","modified":"Atualizado 2 anos atr\u00e1s"},"absolute_dates":{"created":"Publicado em 26 de junho de 2020","modified":"Atualizado em 26 de outubro de 2023"},"absolute_dates_time":{"created":"Publicado em 26 de junho de 2020 21:04","modified":"Atualizado em 26 de outubro de 2023 22:13"},"featured_img_caption":"","series_order":"","_links":{"self":[{"href":"https:\/\/sindifeira.org.br\/index.php\/wp-json\/wp\/v2\/posts\/1153","targetHints":{"allow":["GET"]}}],"collection":[{"href":"https:\/\/sindifeira.org.br\/index.php\/wp-json\/wp\/v2\/posts"}],"about":[{"href":"https:\/\/sindifeira.org.br\/index.php\/wp-json\/wp\/v2\/types\/post"}],"author":[{"embeddable":true,"href":"https:\/\/sindifeira.org.br\/index.php\/wp-json\/wp\/v2\/users\/32"}],"replies":[{"embeddable":true,"href":"https:\/\/sindifeira.org.br\/index.php\/wp-json\/wp\/v2\/comments?post=1153"}],"version-history":[{"count":3,"href":"https:\/\/sindifeira.org.br\/index.php\/wp-json\/wp\/v2\/posts\/1153\/revisions"}],"predecessor-version":[{"id":2037,"href":"https:\/\/sindifeira.org.br\/index.php\/wp-json\/wp\/v2\/posts\/1153\/revisions\/2037"}],"wp:attachment":[{"href":"https:\/\/sindifeira.org.br\/index.php\/wp-json\/wp\/v2\/media?parent=1153"}],"wp:term":[{"taxonomy":"category","embeddable":true,"href":"https:\/\/sindifeira.org.br\/index.php\/wp-json\/wp\/v2\/categories?post=1153"},{"taxonomy":"post_tag","embeddable":true,"href":"https:\/\/sindifeira.org.br\/index.php\/wp-json\/wp\/v2\/tags?post=1153"}],"curies":[{"name":"wp","href":"https:\/\/api.w.org\/{rel}","templated":true}]}}