{"id":1151,"date":"2020-07-02T20:41:49","date_gmt":"2020-07-02T23:41:49","guid":{"rendered":"http:\/\/agenciabrasilia.df.gov.br\/?p=217332"},"modified":"2023-10-26T22:13:12","modified_gmt":"2023-10-27T01:13:12","slug":"mais-de-11-mil-feirantes-do-df-ja-foram-testados-para-covid-19","status":"publish","type":"post","link":"https:\/\/sindifeira.org.br\/index.php\/2020\/07\/02\/mais-de-11-mil-feirantes-do-df-ja-foram-testados-para-covid-19\/","title":{"rendered":"Mais de 1,1 mil feirantes do DF j\u00e1 foram testados para Covid-19"},"content":{"rendered":"<p><img decoding=\"async\" width=\"1920\" height=\"1080\" src=\"https:\/\/www.agenciabrasilia.df.gov.br\/wp-conteudo\/uploads\/2020\/07\/FOTO-GEOVANA-ALBUQUERQUE-SA%C3%9ADE-DF-3-1-1-1920x1080.jpg\" class=\"attachment-foto-grande size-foto-grande wp-post-image\" alt=\"\" loading=\"lazy\" srcset=\"https:\/\/www.agenciabrasilia.df.gov.br\/wp-conteudo\/uploads\/2020\/07\/FOTO-GEOVANA-ALBUQUERQUE-SA\u00daDE-DF-3-1-1-1920x1080.jpg 1920w, https:\/\/www.agenciabrasilia.df.gov.br\/wp-conteudo\/uploads\/2020\/07\/FOTO-GEOVANA-ALBUQUERQUE-SA\u00daDE-DF-3-1-1-960x540.jpg 960w\" sizes=\"auto, (max-width: 1920px) 100vw, 1920px\" title=\"\"><\/p>\n<p style=\"text-align: justify;\">Os feirantes e produtores rurais do Distrito Federal continuam sendo orientados e testados para Covid-19. A a\u00e7\u00e3o da Secretaria de Sa\u00fade leva as equipes de Sa\u00fade da Fam\u00edlia para as feiras onde avaliam, em cada box, cada um desses trabalhadores. O objetivo \u00e9 identificar em quais desses profissionais, que t\u00eam contato direto com uma parcela da popula\u00e7\u00e3o, o v\u00edrus est\u00e1 presente e diagnosticar a doen\u00e7a na fase inicial.<\/p>\n<p style=\"text-align: justify;\">Aqueles com sintomas gripais poder\u00e3o fazer o teste na UBS mais pr\u00f3xima da feira, caso seja necess\u00e1rio. Desta forma, sendo constatado o v\u00edrus, o tratamento pode ser iniciado de forma precoce evitando que algum trabalhador transmita a doen\u00e7a para os clientes.<\/p>\n<p style=\"text-align: justify;\">A testagem n\u00e3o ocorre na pr\u00f3pria feira para evitar aglomera\u00e7\u00e3o. At\u00e9 o momento, 1.151 feirantes j\u00e1 foram testados e 68 diagnosticados com Covid-19.<\/p>\n<p style=\"text-align: justify;\">Nesta quinta-feira, as equipes estiveram na Feira Permanente da QNL\/QNJ e no Shopping Popular, em Taguatinga. No primeiro local, dos 55 feirantes triados cinco apresentaram sintomas de s\u00edndromes gripais. Quatro foram encaminhados para fazer o teste na UBS e nenhum testou positivo para o coronav\u00edrus. No shopping, 190 trabalhadores foram avaliados, 80 referenciados para fazer o teste e, em apenas tr\u00eas exames, o v\u00edrus foi detectado.<\/p>\n<p style=\"text-align: justify;\"><strong>A\u00e7\u00e3o<\/strong><\/p>\n<p style=\"text-align: justify;\">A a\u00e7\u00e3o come\u00e7ou de forma piloto em 18 de junho, na Feira Permanente do Cruzeiro. Foram avaliados 11 trabalhadores com sintomas da Covid-19. Eles foram encaminhados para a UBS e, em nenhum exame, o resultado foi positivo. A feira do Gama foi a que mais teve trabalhadores levados para fazer o teste r\u00e1pido, com 220 encaminhamentos e nove resultados positivos. Na Feira Permanente da QN 202 de Samambaia, 213 feirantes foram testados e nove foram diagnosticados.<\/p>\n<p style=\"text-align: justify;\">Os outros locais que receberam a a\u00e7\u00e3o foram:<\/p>\n<p style=\"text-align: justify;\">\u2013 Feira do Produtor de Vicente Pires: 175 testes \u2013 4 positivos;<br \/>\n\u2013 Feira Permanente QN 210 de Samambaia Norte: 87 \u2013 5 positivos;<br \/>\n\u2013 Feira Modelo da Quadra 510 de Samambaia: 138 \u2013 10;<br \/>\n\u2013 Feira do Produtor da Ceil\u00e2ndia: 151 \u2013 22;<br \/>\n\u2013 Feira Permanente do Parano\u00e1 \u2013 14 \u2013 0;<br \/>\n\u2013 Feira Permanente de S\u00e3o Sebasti\u00e3o \u2013 100 \u2013 6;<\/p>\n<p style=\"text-align: justify;\">Na Feira dos Importados e na Feira Permanente do N\u00facleo Bandeirante, assim como na Feira de Sobradinho e na Feira da Torre, ap\u00f3s a triagem dos profissionais da Secretaria de Sa\u00fade, nenhum feirante precisou ser testado.<\/p>\n<p style=\"text-align: justify;\"><strong>Rodovi\u00e1rios<\/strong><\/p>\n<p style=\"text-align: justify;\">Em dois dias, 207 rodovi\u00e1rios fizeram o teste r\u00e1pido. Em 45 exames o resultado foi positivo. Nesta a\u00e7\u00e3o, as empresas de transporte coletivo foram comunicadas sobre a testagem e selecionaram os rodovi\u00e1rios para fazer o teste r\u00e1pido.<\/p>\n<p style=\"text-align: justify;\">Outra categoria que tamb\u00e9m faz parte do transporte p\u00fablico do Distrito Federal, e que participou da a\u00e7\u00e3o, \u00e9 a dos metrovi\u00e1rios. Nos dias 29 e 30 de junho, 250 profissionais do Metr\u00f4-DF, que trabalham nas \u00e1reas de opera\u00e7\u00e3o, manuten\u00e7\u00e3o, pilotos, centro de controle, seguran\u00e7a e esta\u00e7\u00f5es fizeram o teste.<\/p>\n<p style=\"text-align: justify;\">A escolha dos profissionais levou em considera\u00e7\u00e3o crit\u00e9rios como: sintomas e ter tido contato com algu\u00e9m infectado pelo novo coronav\u00edrus. Dos 250 metrovi\u00e1rios testados, somente cinco foram positivos e afastados imediatamente.<\/p>\n<p><em>*Com informa\u00e7\u00f5es Secretaria de Sa\u00fade<\/em><\/p>\n<p><em>* Atualizado \u00e0s 21h08<\/em><\/p>\n<p>The post <a rel=\"nofollow noopener\" href=\"https:\/\/www.agenciabrasilia.df.gov.br\/2020\/07\/02\/mais-de-11-mil-feirantes-do-df-ja-foram-testados-para-covid-19\/\" target=\"_blank\">Mais de 1,1 mil feirantes do DF j\u00e1 foram testados para Covid-19<\/a> appeared first on <a rel=\"nofollow noopener\" href=\"https:\/\/www.agenciabrasilia.df.gov.br\/\" target=\"_blank\">Ag\u00eancia Bras\u00edlia<\/a>.<\/p>\n","protected":false},"excerpt":{"rendered":"<p><img decoding=\"async\" width=\"1920\" height=\"1080\" src=\"https:\/\/www.agenciabrasilia.df.gov.br\/wp-conteudo\/uploads\/2020\/07\/FOTO-GEOVANA-ALBUQUERQUE-SA%C3%9ADE-DF-3-1-1-1920x1080.jpg\" class=\"attachment-foto-grande size-foto-grande wp-post-image\" alt=\"\" loading=\"lazy\" srcset=\"https:\/\/www.agenciabrasilia.df.gov.br\/wp-conteudo\/uploads\/2020\/07\/FOTO-GEOVANA-ALBUQUERQUE-SA\u00daDE-DF-3-1-1-1920x1080.jpg 1920w, https:\/\/www.agenciabrasilia.df.gov.br\/wp-conteudo\/uploads\/2020\/07\/FOTO-GEOVANA-ALBUQUERQUE-SA\u00daDE-DF-3-1-1-960x540.jpg 960w\" sizes=\"auto, (max-width: 1920px) 100vw, 1920px\">Equipes de Sa\u00fade da Fam\u00edlia visitaram feiras de Taguatinga nesta quinta-feira. Rodovi\u00e1rios tamb\u00e9m foram testados<\/p>\n<p>The post <a rel=\"nofollow\" href=\"https:\/\/www.agenciabrasilia.df.gov.br\/2020\/07\/02\/mais-de-11-mil-feirantes-do-df-ja-foram-testados-para-covid-19\/\">Mais de 1,1 mil feirantes do DF j\u00e1 foram testados para Covid-19<\/a> appeared first on <a rel=\"nofollow\" href=\"https:\/\/www.agenciabrasilia.df.gov.br\/\">Ag\u00eancia Bras\u00edlia<\/a>.<\/p>\n","protected":false},"author":32,"featured_media":0,"comment_status":"closed","ping_status":"closed","sticky":false,"template":"","format":"standard","meta":{"advgb_blocks_editor_width":"","advgb_blocks_columns_visual_guide":"","footnotes":""},"categories":[1],"tags":[],"class_list":["post-1151","post","type-post","status-publish","format-standard","hentry","category-blog"],"author_meta":{"display_name":"","author_link":"https:\/\/sindifeira.org.br\/author\/"},"featured_img":null,"coauthors":[],"tax_additional":{"categories":{"linked":["<a href=\"https:\/\/sindifeira.org.br\/index.php\/category\/blog\/\" class=\"advgb-post-tax-term\">Blog<\/a>"],"unlinked":["<span class=\"advgb-post-tax-term\">Blog<\/span>"]}},"comment_count":"0","relative_dates":{"created":"Publicado 6 anos atr\u00e1s","modified":"Atualizado 3 anos atr\u00e1s"},"absolute_dates":{"created":"Publicado em 2 de julho de 2020","modified":"Atualizado em 26 de outubro de 2023"},"absolute_dates_time":{"created":"Publicado em 2 de julho de 2020 20:41","modified":"Atualizado em 26 de outubro de 2023 22:13"},"featured_img_caption":"","series_order":"","_links":{"self":[{"href":"https:\/\/sindifeira.org.br\/index.php\/wp-json\/wp\/v2\/posts\/1151","targetHints":{"allow":["GET"]}}],"collection":[{"href":"https:\/\/sindifeira.org.br\/index.php\/wp-json\/wp\/v2\/posts"}],"about":[{"href":"https:\/\/sindifeira.org.br\/index.php\/wp-json\/wp\/v2\/types\/post"}],"author":[{"embeddable":true,"href":"https:\/\/sindifeira.org.br\/index.php\/wp-json\/wp\/v2\/users\/32"}],"replies":[{"embeddable":true,"href":"https:\/\/sindifeira.org.br\/index.php\/wp-json\/wp\/v2\/comments?post=1151"}],"version-history":[{"count":3,"href":"https:\/\/sindifeira.org.br\/index.php\/wp-json\/wp\/v2\/posts\/1151\/revisions"}],"predecessor-version":[{"id":2035,"href":"https:\/\/sindifeira.org.br\/index.php\/wp-json\/wp\/v2\/posts\/1151\/revisions\/2035"}],"wp:attachment":[{"href":"https:\/\/sindifeira.org.br\/index.php\/wp-json\/wp\/v2\/media?parent=1151"}],"wp:term":[{"taxonomy":"category","embeddable":true,"href":"https:\/\/sindifeira.org.br\/index.php\/wp-json\/wp\/v2\/categories?post=1151"},{"taxonomy":"post_tag","embeddable":true,"href":"https:\/\/sindifeira.org.br\/index.php\/wp-json\/wp\/v2\/tags?post=1151"}],"curies":[{"name":"wp","href":"https:\/\/api.w.org\/{rel}","templated":true}]}}