{"id":1147,"date":"2021-02-20T11:15:35","date_gmt":"2021-02-20T14:15:35","guid":{"rendered":"http:\/\/www.agenciabrasilia.df.gov.br\/?p=266291"},"modified":"2023-10-26T22:09:00","modified_gmt":"2023-10-27T01:09:00","slug":"mais-transparencia-na-cobranca-pelo-uso-do-espaco-publico","status":"publish","type":"post","link":"https:\/\/sindifeira.org.br\/index.php\/2021\/02\/20\/mais-transparencia-na-cobranca-pelo-uso-do-espaco-publico\/","title":{"rendered":"Mais transpar\u00eancia na cobran\u00e7a pelo uso do espa\u00e7o p\u00fablico"},"content":{"rendered":"<p><img decoding=\"async\" width=\"1280\" height=\"913\" src=\"https:\/\/www.agenciabrasilia.df.gov.br\/wp-conteudo\/uploads\/2021\/02\/WhatsApp-Image-2021-02-19-at-19.51.58.jpeg\" class=\"attachment-foto-grande size-foto-grande wp-post-image\" alt=\"\" loading=\"lazy\" srcset=\"https:\/\/www.agenciabrasilia.df.gov.br\/wp-conteudo\/uploads\/2021\/02\/WhatsApp-Image-2021-02-19-at-19.51.58.jpeg 1280w, https:\/\/www.agenciabrasilia.df.gov.br\/wp-conteudo\/uploads\/2021\/02\/WhatsApp-Image-2021-02-19-at-19.51.58-300x214.jpeg 300w, https:\/\/www.agenciabrasilia.df.gov.br\/wp-conteudo\/uploads\/2021\/02\/WhatsApp-Image-2021-02-19-at-19.51.58-768x548.jpeg 768w, https:\/\/www.agenciabrasilia.df.gov.br\/wp-conteudo\/uploads\/2021\/02\/WhatsApp-Image-2021-02-19-at-19.51.58-1024x730.jpeg 1024w, https:\/\/www.agenciabrasilia.df.gov.br\/wp-conteudo\/uploads\/2021\/02\/WhatsApp-Image-2021-02-19-at-19.51.58-139x99.jpeg 139w, https:\/\/www.agenciabrasilia.df.gov.br\/wp-conteudo\/uploads\/2021\/02\/WhatsApp-Image-2021-02-19-at-19.51.58-160x114.jpeg 160w, https:\/\/www.agenciabrasilia.df.gov.br\/wp-conteudo\/uploads\/2021\/02\/WhatsApp-Image-2021-02-19-at-19.51.58-256x183.jpeg 256w, https:\/\/www.agenciabrasilia.df.gov.br\/wp-conteudo\/uploads\/2021\/02\/WhatsApp-Image-2021-02-19-at-19.51.58-1200x856.jpeg 1200w\" sizes=\"auto, (max-width: 1280px) 100vw, 1280px\" title=\"\"><\/p>\n<figure id=\"attachment_266292\" aria-describedby=\"caption-attachment-266292\" style=\"width: 1024px\" class=\"wp-caption aligncenter\"><img decoding=\"async\" loading=\"lazy\" src=\"http:\/\/www.agenciabrasilia.df.gov.br\/wp-conteudo\/uploads\/2021\/02\/WhatsApp-Image-2021-02-19-at-19.52.00-1024x730.jpeg\" alt=\"\" width=\"1024\" height=\"730\" class=\"wp-image-266292 size-large\" srcset=\"https:\/\/www.agenciabrasilia.df.gov.br\/wp-conteudo\/uploads\/2021\/02\/WhatsApp-Image-2021-02-19-at-19.52.00-1024x730.jpeg 1024w, https:\/\/www.agenciabrasilia.df.gov.br\/wp-conteudo\/uploads\/2021\/02\/WhatsApp-Image-2021-02-19-at-19.52.00-300x214.jpeg 300w, https:\/\/www.agenciabrasilia.df.gov.br\/wp-conteudo\/uploads\/2021\/02\/WhatsApp-Image-2021-02-19-at-19.52.00-768x547.jpeg 768w, https:\/\/www.agenciabrasilia.df.gov.br\/wp-conteudo\/uploads\/2021\/02\/WhatsApp-Image-2021-02-19-at-19.52.00-139x99.jpeg 139w, https:\/\/www.agenciabrasilia.df.gov.br\/wp-conteudo\/uploads\/2021\/02\/WhatsApp-Image-2021-02-19-at-19.52.00-160x114.jpeg 160w, https:\/\/www.agenciabrasilia.df.gov.br\/wp-conteudo\/uploads\/2021\/02\/WhatsApp-Image-2021-02-19-at-19.52.00-256x182.jpeg 256w, https:\/\/www.agenciabrasilia.df.gov.br\/wp-conteudo\/uploads\/2021\/02\/WhatsApp-Image-2021-02-19-at-19.52.00-1200x855.jpeg 1200w, https:\/\/www.agenciabrasilia.df.gov.br\/wp-conteudo\/uploads\/2021\/02\/WhatsApp-Image-2021-02-19-at-19.52.00.jpeg 1280w\" sizes=\"auto, (max-width: 1024px) 100vw, 1024px\" title=\"\"><figcaption id=\"caption-attachment-266292\" class=\"wp-caption-text\">Para Joc\u00e9lio Aleixo da Silva, presidente da Feira de Artesanato da Torre de TV, a medida vai facilitar muito a vida dos feirantes| Foto: L\u00facio Bernardo Jr.\/Ag\u00eancia Bras\u00edlia<\/figcaption><\/figure>\n<p style=\"text-align: justify;\">Duas <a href=\"https:\/\/www.dodf.df.gov.br\/index\/visualizar-arquivo\/?pasta=2021%7C02_Fevereiro%7CDODF%20026%2008-02-2021%7C&amp;arquivo=DODF%20026%2008-02-2021%20INTEGRA.pdf\" rel=\"nofollow noopener\" target=\"_blank\">portarias conjuntas publicadas no Di\u00e1rio Oficial<\/a> entre o DF Legal e as secretarias de Economia e de Governo aperfei\u00e7oaram o cadastro de permission\u00e1rios e a cobran\u00e7a do pre\u00e7o p\u00fablico por quiosques, trailers e bancas de feiras. A partir de agora, todos os procedimentos ser\u00e3o feitos exclusivamente por meio do Sistema Integrado de Servi\u00e7os e A\u00e7\u00f5es Fiscais (Sisaf), disponibilizado pelo DF Legal.<\/p>\n<p style=\"text-align: justify;\">A medida significa um avan\u00e7o para a administra\u00e7\u00e3o p\u00fablica, que ter\u00e1 um cadastro mais atualizado e fidedigno dos cerca de 17,5 mil permission\u00e1rios que atuam no DF, bem como um sistema de cobran\u00e7a mais eficiente. A plataforma n\u00e3o \u00e9 nova, mas era utilizada somente pela pasta. At\u00e9 o ano passado, as administra\u00e7\u00f5es regionais tamb\u00e9m emitiam boletos para pagamento do pre\u00e7o p\u00fablico. Agora, a cobran\u00e7a e arrecada\u00e7\u00e3o est\u00e3o unificadas e gerenciadas pelo Sisaf.<\/p>\n<blockquote class=\"olho esquerda\"><p>\n<span class=\"olho__numeralha clearfix no-margin bold block\">17,5 mil<\/span><br \/>\n<span class=\"olho__texto h2\">permission\u00e1rios atuam hoje em todo o DF<\/span><\/p><\/blockquote>\n<p style=\"text-align: justify;\">\u201cEsse cadastro \u00fanico nos d\u00e1 a possibilidade de consultas mais direcionadas e um controle maior do pagamento do pre\u00e7o p\u00fablico, fazendo com que o Estado arrecade mais e esses recursos sejam aplicados em melhoria dos espa\u00e7os p\u00fablicos. Os permission\u00e1rios tamb\u00e9m ter\u00e3o mais liberdade para verificarem sua situa\u00e7\u00e3o e emitir os boletos de pagamento\u201d, explica Jailton Lacerda, chefe da Unidade de Arrecada\u00e7\u00e3o e Parcelamento de D\u00e9bitos da Secretaria Executiva das Cidades, \u00f3rg\u00e3o da Secretaria de Governo que cuida dos permission\u00e1rios.<\/p>\n<p style=\"text-align: justify;\">As duas portarias tamb\u00e9m definem que, al\u00e9m do DF Legal, o acesso ao sistema ser\u00e1 compartilhado com as secretarias de Economia, Executiva das Cidades e as Administra\u00e7\u00f5es Regionais. \u201cO Sisaf funciona via web e ser\u00e1 o sistema de cadastro, que envia os dados para o Sislanca, sistema de cobran\u00e7a, que j\u00e1 retorna com os boletos\u201d, esclarece o chefe da Unidade de Receita do DF Legal, Marcelo Batista.<\/p>\n<div class=\"relacionadas text-uppercase  direita\">\n<p style=\"font-family: 'Titillium Web', sans-serif; margin: 0; font-size: 13px; color: #1dbab4;\"><b>Leia tamb\u00e9m<\/b><\/p>\n<div class=\"relacionadas__post-leia-tambem bold clearfix\">\n<a href=\"https:\/\/www.agenciabrasilia.df.gov.br\/2020\/10\/06\/governador-recebe-feirantes-para-debater-melhorias\/\" rel=\"nofollow noopener\" target=\"_blank\"><\/p>\n<div class=\"relacionadas__thumb\"><\/div>\n<div class=\"clearfix relacionadas__texto\">\n<p style=\"display: inline; font-family: 'Titillium Web', sans-serif; color: #387abc;\"><b>Governador recebe feirantes para debater melhorias<\/b><\/p>\n<\/div>\n<p><\/a><\/div>\n<div class=\"relacionadas__post-leia-tambem bold clearfix\">\n<a href=\"https:\/\/www.agenciabrasilia.df.gov.br\/2020\/10\/26\/governo-investe-no-monitoramento-do-comercio\/\" rel=\"nofollow noopener\" target=\"_blank\"><\/p>\n<div class=\"relacionadas__thumb\"><img decoding=\"async\" width=\"150\" height=\"150\" src=\"https:\/\/www.agenciabrasilia.df.gov.br\/wp-conteudo\/uploads\/2020\/10\/WhatsApp-Image-2020-10-26-at-17.53.13-150x150.jpeg\" class=\"attachment-thumbnail size-thumbnail wp-post-image\" alt=\"\" loading=\"lazy\" title=\"\"><\/div>\n<div class=\"clearfix relacionadas__texto\">\n<p style=\"display: inline; font-family: 'Titillium Web', sans-serif; color: #387abc;\"><b>Governo investe no monitoramento do com\u00e9rcio<\/b><\/p>\n<\/div>\n<p><\/a><\/div>\n<div class=\"relacionadas__post-leia-tambem bold clearfix\">\n<a href=\"https:\/\/www.agenciabrasilia.df.gov.br\/2019\/10\/29\/feira-legal-recadastra-834-permissionarios\/\" rel=\"nofollow noopener\" target=\"_blank\"><\/p>\n<div class=\"relacionadas__thumb\"><img decoding=\"async\" width=\"150\" height=\"150\" src=\"https:\/\/www.agenciabrasilia.df.gov.br\/wp-conteudo\/uploads\/2019\/10\/25771177190_0d5e913fbc_c-150x150.jpg\" class=\"attachment-thumbnail size-thumbnail wp-post-image\" alt=\"\" loading=\"lazy\" title=\"\"><\/div>\n<div class=\"clearfix relacionadas__texto\">\n<p style=\"display: inline; font-family: 'Titillium Web', sans-serif; color: #387abc;\"><b>Feira Legal recadastra 834 permission\u00e1rios<\/b><\/p>\n<\/div>\n<p><\/a><\/div>\n<\/div>\n<p style=\"text-align: justify;\">Para o presidente da Feira de Artesanato da Torre de TV, Joc\u00e9lio Aleixo da Silva, a medida vai facilitar muito a vida dos feirantes. \u201cAntigamente, a Administra\u00e7\u00e3o Regional do Plano Piloto fazia a cobran\u00e7a, t\u00ednhamos que pagar o boleto na lot\u00e9rica e apresentar o comprovante. Se o perd\u00eassemos, tinha que pagar de novo. Agora vai ficar muito melhor\u201d, afirma ele, que \u00e9 feirante h\u00e1 30 anos e, h\u00e1 quatro, \u00e9 presidente da associa\u00e7\u00e3o.<\/p>\n<blockquote class=\"olho centro\"><p>\n<span class=\"olho__texto h2 clearfix\">Agora vai ficar muito melhor<\/span><br \/>\n<span class=\"olho__assinatura block\">Joc\u00e9lio Aleixo da Silva, presidente da Feira de Artesanato da Torre de TV<\/span><\/p><\/blockquote>\n<p style=\"text-align: justify;\"><strong>O que \u00e9 pre\u00e7o p\u00fablico?<\/strong><\/p>\n<p style=\"text-align: justify;\">O pre\u00e7o p\u00fablico \u00e9 o pagamento que permission\u00e1rios fazem pela utiliza\u00e7\u00e3o da \u00e1rea no exerc\u00edcio de sua atividade econ\u00f4mica, seja ela quiosque, trailer ou banca de feira. A arrecada\u00e7\u00e3o \u00e9 feita em conta \u00fanica do Tesouro do DF e sua cobran\u00e7a e\/ou recolhimento n\u00e3o asseguram ao ocupante a regulariza\u00e7\u00e3o da ocupa\u00e7\u00e3o ou a emiss\u00e3o do Termo de Permiss\u00e3o de Uso, como explica o artigo 2\u00ba de ambas as portarias.<\/p>\n<p style=\"text-align: justify;\"><em>* Com informa\u00e7\u00f5es da Secretaria Executiva de Cidades<\/em><\/p>\n<p style=\"text-align: justify;\">The post <a rel=\"nofollow noopener\" href=\"https:\/\/www.agenciabrasilia.df.gov.br\/2021\/02\/20\/mais-transparencia-na-cobranca-pelo-uso-do-espaco-publico\/\" target=\"_blank\">Mais transpar\u00eancia na cobran\u00e7a pelo uso do espa\u00e7o p\u00fablico<\/a> appeared first on <a rel=\"nofollow noopener\" href=\"https:\/\/www.agenciabrasilia.df.gov.br\/\" target=\"_blank\">Ag\u00eancia Bras\u00edlia<\/a>.<\/p>\n","protected":false},"excerpt":{"rendered":"<p><img decoding=\"async\" width=\"1280\" height=\"913\" src=\"https:\/\/www.agenciabrasilia.df.gov.br\/wp-conteudo\/uploads\/2021\/02\/WhatsApp-Image-2021-02-19-at-19.51.58.jpeg\" class=\"attachment-foto-grande size-foto-grande wp-post-image\" alt=\"\" loading=\"lazy\" srcset=\"https:\/\/www.agenciabrasilia.df.gov.br\/wp-conteudo\/uploads\/2021\/02\/WhatsApp-Image-2021-02-19-at-19.51.58.jpeg 1280w, https:\/\/www.agenciabrasilia.df.gov.br\/wp-conteudo\/uploads\/2021\/02\/WhatsApp-Image-2021-02-19-at-19.51.58-300x214.jpeg 300w, https:\/\/www.agenciabrasilia.df.gov.br\/wp-conteudo\/uploads\/2021\/02\/WhatsApp-Image-2021-02-19-at-19.51.58-768x548.jpeg 768w, https:\/\/www.agenciabrasilia.df.gov.br\/wp-conteudo\/uploads\/2021\/02\/WhatsApp-Image-2021-02-19-at-19.51.58-1024x730.jpeg 1024w, https:\/\/www.agenciabrasilia.df.gov.br\/wp-conteudo\/uploads\/2021\/02\/WhatsApp-Image-2021-02-19-at-19.51.58-139x99.jpeg 139w, https:\/\/www.agenciabrasilia.df.gov.br\/wp-conteudo\/uploads\/2021\/02\/WhatsApp-Image-2021-02-19-at-19.51.58-160x114.jpeg 160w, https:\/\/www.agenciabrasilia.df.gov.br\/wp-conteudo\/uploads\/2021\/02\/WhatsApp-Image-2021-02-19-at-19.51.58-256x183.jpeg 256w, https:\/\/www.agenciabrasilia.df.gov.br\/wp-conteudo\/uploads\/2021\/02\/WhatsApp-Image-2021-02-19-at-19.51.58-1200x856.jpeg 1200w\" sizes=\"auto, (max-width: 1280px) 100vw, 1280px\">Governo unifica sistema para cadastro de permission\u00e1rios, otimizando a gest\u00e3o de quiosques, trailers e bancas de feiras<\/p>\n<p>The post <a rel=\"nofollow\" href=\"https:\/\/www.agenciabrasilia.df.gov.br\/2021\/02\/20\/mais-transparencia-na-cobranca-pelo-uso-do-espaco-publico\/\">Mais transpar\u00eancia na cobran\u00e7a pelo uso do espa\u00e7o p\u00fablico<\/a> appeared first on <a rel=\"nofollow\" href=\"https:\/\/www.agenciabrasilia.df.gov.br\/\">Ag\u00eancia Bras\u00edlia<\/a>.<\/p>\n","protected":false},"author":50,"featured_media":0,"comment_status":"closed","ping_status":"closed","sticky":false,"template":"","format":"standard","meta":{"advgb_blocks_editor_width":"","advgb_blocks_columns_visual_guide":"","footnotes":""},"categories":[1],"tags":[],"class_list":["post-1147","post","type-post","status-publish","format-standard","hentry","category-blog"],"author_meta":{"display_name":"","author_link":"https:\/\/sindifeira.org.br\/author\/"},"featured_img":null,"coauthors":[],"tax_additional":{"categories":{"linked":["<a href=\"https:\/\/sindifeira.org.br\/index.php\/category\/blog\/\" class=\"advgb-post-tax-term\">Blog<\/a>"],"unlinked":["<span class=\"advgb-post-tax-term\">Blog<\/span>"]}},"comment_count":"0","relative_dates":{"created":"Publicado 5 anos atr\u00e1s","modified":"Atualizado 3 anos atr\u00e1s"},"absolute_dates":{"created":"Publicado em 20 de fevereiro de 2021","modified":"Atualizado em 26 de outubro de 2023"},"absolute_dates_time":{"created":"Publicado em 20 de fevereiro de 2021 11:15","modified":"Atualizado em 26 de outubro de 2023 22:09"},"featured_img_caption":"","series_order":"","_links":{"self":[{"href":"https:\/\/sindifeira.org.br\/index.php\/wp-json\/wp\/v2\/posts\/1147","targetHints":{"allow":["GET"]}}],"collection":[{"href":"https:\/\/sindifeira.org.br\/index.php\/wp-json\/wp\/v2\/posts"}],"about":[{"href":"https:\/\/sindifeira.org.br\/index.php\/wp-json\/wp\/v2\/types\/post"}],"author":[{"embeddable":true,"href":"https:\/\/sindifeira.org.br\/index.php\/wp-json\/wp\/v2\/users\/50"}],"replies":[{"embeddable":true,"href":"https:\/\/sindifeira.org.br\/index.php\/wp-json\/wp\/v2\/comments?post=1147"}],"version-history":[{"count":4,"href":"https:\/\/sindifeira.org.br\/index.php\/wp-json\/wp\/v2\/posts\/1147\/revisions"}],"predecessor-version":[{"id":2026,"href":"https:\/\/sindifeira.org.br\/index.php\/wp-json\/wp\/v2\/posts\/1147\/revisions\/2026"}],"wp:attachment":[{"href":"https:\/\/sindifeira.org.br\/index.php\/wp-json\/wp\/v2\/media?parent=1147"}],"wp:term":[{"taxonomy":"category","embeddable":true,"href":"https:\/\/sindifeira.org.br\/index.php\/wp-json\/wp\/v2\/categories?post=1147"},{"taxonomy":"post_tag","embeddable":true,"href":"https:\/\/sindifeira.org.br\/index.php\/wp-json\/wp\/v2\/tags?post=1147"}],"curies":[{"name":"wp","href":"https:\/\/api.w.org\/{rel}","templated":true}]}}