{"id":1139,"date":"2022-01-12T15:15:56","date_gmt":"2022-01-12T18:15:56","guid":{"rendered":"http:\/\/agenciabrasilia.df.gov.br\/?p=368824"},"modified":"2023-10-26T21:56:07","modified_gmt":"2023-10-27T00:56:07","slug":"anistia-e-isencao-de-preco-publico-para-pequenos-comerciantes","status":"publish","type":"post","link":"https:\/\/sindifeira.org.br\/index.php\/2022\/01\/12\/anistia-e-isencao-de-preco-publico-para-pequenos-comerciantes\/","title":{"rendered":"Anistia e isen\u00e7\u00e3o de pre\u00e7o p\u00fablico para os Feirantes e Quiosqueiros do DF"},"content":{"rendered":"<p><img decoding=\"async\" width=\"1920\" height=\"1080\" src=\"https:\/\/www.agenciabrasilia.df.gov.br\/wp-conteudo\/uploads\/2022\/01\/capa-1920x1080.jpg\" class=\"attachment-foto-grande size-foto-grande wp-post-image\" alt=\"\" loading=\"lazy\" srcset=\"https:\/\/www.agenciabrasilia.df.gov.br\/wp-conteudo\/uploads\/2022\/01\/capa-1920x1080.jpg 1920w, https:\/\/www.agenciabrasilia.df.gov.br\/wp-conteudo\/uploads\/2022\/01\/capa-960x540.jpg 960w\" sizes=\"auto, (max-width: 1920px) 100vw, 1920px\" title=\"\"><\/p>\n<p>Sens\u00edvel \u00e0s perdas econ\u00f4micas geradas pela pandemia de covid-19, o Governo do Distrito Federal (GDF) vai isentar propriet\u00e1rios de quiosques, trailers, bancas de jornais e revistas e ambulantes do pagamento pelo uso de \u00e1rea p\u00fablica e perdoar d\u00edvidas geradas durante a pandemia.<\/p>\n<figure id=\"attachment_368827\" aria-describedby=\"caption-attachment-368827\" style=\"width: 718px\" class=\"wp-caption aligncenter\"><img decoding=\"async\" loading=\"lazy\" src=\"http:\/\/agenciabrasilia.df.gov.br\/wp-conteudo\/uploads\/2022\/01\/Dentro-1-4.jpg\" alt=\"\" width=\"718\" height=\"477\" class=\" wp-image-368827\" srcset=\"https:\/\/www.agenciabrasilia.df.gov.br\/wp-conteudo\/uploads\/2022\/01\/Dentro-1-4.jpg 4179w, https:\/\/www.agenciabrasilia.df.gov.br\/wp-conteudo\/uploads\/2022\/01\/Dentro-1-4-300x199.jpg 300w, https:\/\/www.agenciabrasilia.df.gov.br\/wp-conteudo\/uploads\/2022\/01\/Dentro-1-4-768x510.jpg 768w, https:\/\/www.agenciabrasilia.df.gov.br\/wp-conteudo\/uploads\/2022\/01\/Dentro-1-4-1024x680.jpg 1024w, https:\/\/www.agenciabrasilia.df.gov.br\/wp-conteudo\/uploads\/2022\/01\/Dentro-1-4-256x170.jpg 256w, https:\/\/www.agenciabrasilia.df.gov.br\/wp-conteudo\/uploads\/2022\/01\/Dentro-1-4-149x99.jpg 149w, https:\/\/www.agenciabrasilia.df.gov.br\/wp-conteudo\/uploads\/2022\/01\/Dentro-1-4-160x106.jpg 160w, https:\/\/www.agenciabrasilia.df.gov.br\/wp-conteudo\/uploads\/2022\/01\/Dentro-1-4-1200x797.jpg 1200w\" sizes=\"auto, (max-width: 718px) 100vw, 718px\" title=\"\"><figcaption id=\"caption-attachment-368827\" class=\"wp-caption-text\">Cerim\u00f4nia de assinatura do decreto: benef\u00edcio contempla v\u00e1rios tipos de microempres\u00e1rios | Foto: Paulo H. Carvalho\/Ag\u00eancia Bras\u00edlia<\/figcaption><\/figure>\n<p>Nesta quarta-feira (12), o governador em exerc\u00edcio, Paco Britto, assinou decreto para regulamentar a lei n\u00ba 6.946\/2021, que autoriza o Poder Executivo a isentar e remitir d\u00e9bitos do pre\u00e7o p\u00fablico cobrado dos autorizat\u00e1rios, permission\u00e1rios ou concession\u00e1rios pela ocupa\u00e7\u00e3o ou uso de \u00e1rea p\u00fablica do DF.<\/p>\n<p>A estimativa \u00e9 que essa <a href=\"https:\/\/www.agenciabrasilia.df.gov.br\/2021\/10\/08\/e-gdf-abre-mao-de-r-263-mi-para-ajudar-feirantes-e-quiosqueiros\/\" rel=\"nofollow noopener\" target=\"_blank\">anistia <\/a>contemple um total de R$ 26,3 milh\u00f5es e d\u00ea f\u00f4lego financeiro \u00e0s empresas, em sua maioria de micro e pequeno portes, e a aut\u00f4nomos. Com as medidas, o governo espera que as categorias envolvidas mantenham as atividades e retomem a capacidade de investimento enquanto a economia do DF \u00e9 reaquecida.<\/p>\n<p><strong>Legisla\u00e7\u00e3o favorece categoria<\/strong><\/p>\n<blockquote class=\"olho esquerda\"><p>\n<span class=\"olho__texto h2 clearfix\">\u201cPercebemos que n\u00e3o bastava apenas gerar a isen\u00e7\u00e3o dos valores durante a pandemia, mas tamb\u00e9m perdoar as d\u00edvidas geradas no per\u00edodo da pandemia\u201d <\/span><br \/>\n<span class=\"olho__assinatura block\">Valmir Lemos, secret\u00e1rio executivo das Cidades<\/span><\/p><\/blockquote>\n<p>O decreto abrange as feiras livres e permanentes, quiosques, trailers, bancas de jornais e revistas, engenhos publicit\u00e1rios, ambulantes, food trucks, shoppings populares, terminais rodovi\u00e1rios e galerias. A isen\u00e7\u00e3o do pre\u00e7o p\u00fablico vale de janeiro de 2022 at\u00e9 enquanto perdurar o estado de calamidade p\u00fablica, com limita\u00e7\u00e3o a dezembro de 2023.<\/p>\n<p>J\u00e1 a remiss\u00e3o de d\u00e9bitos do pre\u00e7o p\u00fablico \u00e9 relativa ao per\u00edodo de junho de 2020 a dezembro de 2021. A medida passa a valer quando o decreto for publicado no <em>Di\u00e1rio Oficial do Distrito Federal<\/em> (DODF). \u201cDentro de cada quiosque, trailer e banca de feira ou de jornal, existe uma fam\u00edlia, existem empregos que precisam ser salvos\u201d, disse Paco Britto, durante a cerim\u00f4nia de assinatura do decreto, no Pal\u00e1cio do Buriti; \u201cHoje, estamos comemorando a isen\u00e7\u00e3o da taxa. Esperamos que todos se ergam e que a economia volte a funcionar 100%\u201d.<\/p>\n<p>Ao longo dos \u00faltimos meses, o governo dialogou com os representantes do setor para chegar ao melhor formato e atender as demandas. Para o secret\u00e1rio executivo das Cidades, Valmir Lemos, a medida \u00e9 justa para com esses profissionais. \u201cSe o espa\u00e7o p\u00fablico ficou fechado, ele n\u00e3o teve como trabalhar nem produzir e n\u00e3o teve como pagar a taxa pelo uso daquele espa\u00e7o\u201d, diz. \u201cPercebemos que n\u00e3o bastava apenas gerar a isen\u00e7\u00e3o dos valores durante a pandemia, mas tamb\u00e9m perdoar as d\u00edvidas geradas no per\u00edodo da pandemia e dar um tempo maior para que essas atividades sejam retomadas dentro de uma normalidade\u201d.<\/p>\n<div class=\"relacionadas text-uppercase  direita\">\n<p style=\"font-family: 'Titillium Web', sans-serif; margin: 0; font-size: 13px; color: #1dbab4;\"><b>Leia tamb\u00e9m<\/b><\/p>\n<div class=\"relacionadas__post-leia-tambem bold clearfix\">\n<a href=\"https:\/\/www.agenciabrasilia.df.gov.br\/2022\/01\/10\/aberto-nesta-segunda-10-o-prazo-para-adesao-ao-refis-2021\/\" rel=\"nofollow noopener\" target=\"_blank\"><\/p>\n<div class=\"relacionadas__thumb\"><\/div>\n<div class=\"clearfix relacionadas__texto\">\n<p style=\"display: inline; font-family: 'Titillium Web', sans-serif; color: #387abc;\"><b>Aberto, nesta segunda (10), o prazo para ades\u00e3o ao Refis 2021<\/b><\/p>\n<\/div>\n<p><\/a><\/div>\n<\/div>\n<p>A novidade \u00e9 comemorada por quem atua no setor. \u00c9 o caso do presidente do Sindicato dos Feirantes do DF (Sindifeira), Francisco Valdenir Machado. \u201cO decreto \u00e9 um presente para todos os feirantes do DF\u201d, refor\u00e7a. \u201cN\u00e3o sabemos at\u00e9 quando a pandemia vai durar, mas a sensibilidade de o governo jogar para 2023 a isen\u00e7\u00e3o da taxa e a remiss\u00e3o dos d\u00e9bitos \u00e9 fundamental. O governo viu essa quest\u00e3o, e at\u00e9 l\u00e1, em 2023, n\u00f3s vamos conseguir tirar as pedras que ainda poder\u00e3o vir no caminho\u201d.<\/p>\n<p>A isen\u00e7\u00e3o e remiss\u00e3o do pre\u00e7o p\u00fablico comp\u00f5em mais uma a\u00e7\u00e3o de apoio ao setor tomada pelo GDF. Frequentador das feiras do Distrito Federal, o governador Ibaneis Rocha tem adotado uma s\u00e9rie de medidas, como a reforma desses espa\u00e7os, a cria\u00e7\u00e3o de uma legisla\u00e7\u00e3o para organizar e dar seguran\u00e7a jur\u00eddica \u00e0 atividade e tamb\u00e9m a instala\u00e7\u00e3o de internet gr\u00e1tis nas feiras.<\/p>\n<p><iframe loading=\"lazy\" width=\"560\" height=\"315\" src=\"https:\/\/www.youtube.com\/embed\/UczKoP8Ak0Y\" title=\"YouTube video player\" frameborder=\"0\" allow=\"accelerometer; autoplay; clipboard-write; encrypted-media; gyroscope; picture-in-picture\" allowfullscreen=\"allowfullscreen\"><\/iframe><\/p>\n<p>The post <a rel=\"nofollow noopener\" href=\"https:\/\/www.agenciabrasilia.df.gov.br\/2022\/01\/12\/anistia-e-isencao-de-preco-publico-para-pequenos-comerciantes\/\" target=\"_blank\">Anistia e isen\u00e7\u00e3o de pre\u00e7o p\u00fablico para pequenos comerciantes<\/a> appeared first on <a rel=\"nofollow noopener\" href=\"https:\/\/www.agenciabrasilia.df.gov.br\/\" target=\"_blank\">Ag\u00eancia Bras\u00edlia<\/a>.<\/p>\n","protected":false},"excerpt":{"rendered":"<p><img loading=\"lazy\" decoding=\"async\" width=\"1920\" height=\"1080\" src=\"https:\/\/www.agenciabrasilia.df.gov.br\/wp-conteudo\/uploads\/2022\/01\/capa-1920x1080.jpg\" class=\"attachment-foto-grande size-foto-grande wp-post-image\" alt=\"\" srcset=\"https:\/\/www.agenciabrasilia.df.gov.br\/wp-conteudo\/uploads\/2022\/01\/capa-1920x1080.jpg 1920w, https:\/\/www.agenciabrasilia.df.gov.br\/wp-conteudo\/uploads\/2022\/01\/capa-960x540.jpg 960w\" sizes=\"auto, (max-width: 1920px) 100vw, 1920px\">Governo abre m\u00e3o de R$ 26,3 milh\u00f5es para auxiliar esses profissionais a enfrentar a pandemia e recuperar seus neg\u00f3cios<\/p>\n<p>The post <a rel=\"nofollow\" href=\"https:\/\/www.agenciabrasilia.df.gov.br\/2022\/01\/12\/anistia-e-isencao-de-preco-publico-para-pequenos-comerciantes\/\">Anistia e isen\u00e7\u00e3o de pre\u00e7o p\u00fablico para pequenos comerciantes<\/a> appeared first on <a rel=\"nofollow\" href=\"https:\/\/www.agenciabrasilia.df.gov.br\/\">Ag\u00eancia Bras\u00edlia<\/a>.<\/p>\n","protected":false},"author":46,"featured_media":0,"comment_status":"closed","ping_status":"closed","sticky":false,"template":"","format":"standard","meta":{"advgb_blocks_editor_width":"","advgb_blocks_columns_visual_guide":"","footnotes":""},"categories":[1],"tags":[],"class_list":["post-1139","post","type-post","status-publish","format-standard","hentry","category-blog"],"author_meta":{"display_name":"","author_link":"https:\/\/sindifeira.org.br\/author\/"},"featured_img":null,"coauthors":[],"tax_additional":{"categories":{"linked":["<a href=\"https:\/\/sindifeira.org.br\/index.php\/category\/blog\/\" class=\"advgb-post-tax-term\">Blog<\/a>"],"unlinked":["<span class=\"advgb-post-tax-term\">Blog<\/span>"]}},"comment_count":"0","relative_dates":{"created":"Publicado 4 anos atr\u00e1s","modified":"Atualizado 3 anos atr\u00e1s"},"absolute_dates":{"created":"Publicado em 12 de janeiro de 2022","modified":"Atualizado em 26 de outubro de 2023"},"absolute_dates_time":{"created":"Publicado em 12 de janeiro de 2022 15:15","modified":"Atualizado em 26 de outubro de 2023 21:56"},"featured_img_caption":"","series_order":"","_links":{"self":[{"href":"https:\/\/sindifeira.org.br\/index.php\/wp-json\/wp\/v2\/posts\/1139","targetHints":{"allow":["GET"]}}],"collection":[{"href":"https:\/\/sindifeira.org.br\/index.php\/wp-json\/wp\/v2\/posts"}],"about":[{"href":"https:\/\/sindifeira.org.br\/index.php\/wp-json\/wp\/v2\/types\/post"}],"author":[{"embeddable":true,"href":"https:\/\/sindifeira.org.br\/index.php\/wp-json\/wp\/v2\/users\/46"}],"replies":[{"embeddable":true,"href":"https:\/\/sindifeira.org.br\/index.php\/wp-json\/wp\/v2\/comments?post=1139"}],"version-history":[{"count":6,"href":"https:\/\/sindifeira.org.br\/index.php\/wp-json\/wp\/v2\/posts\/1139\/revisions"}],"predecessor-version":[{"id":2003,"href":"https:\/\/sindifeira.org.br\/index.php\/wp-json\/wp\/v2\/posts\/1139\/revisions\/2003"}],"wp:attachment":[{"href":"https:\/\/sindifeira.org.br\/index.php\/wp-json\/wp\/v2\/media?parent=1139"}],"wp:term":[{"taxonomy":"category","embeddable":true,"href":"https:\/\/sindifeira.org.br\/index.php\/wp-json\/wp\/v2\/categories?post=1139"},{"taxonomy":"post_tag","embeddable":true,"href":"https:\/\/sindifeira.org.br\/index.php\/wp-json\/wp\/v2\/tags?post=1139"}],"curies":[{"name":"wp","href":"https:\/\/api.w.org\/{rel}","templated":true}]}}