{"id":1133,"date":"2019-11-27T16:28:07","date_gmt":"2019-11-27T19:28:07","guid":{"rendered":"http:\/\/agenciabrasilia.df.gov.br\/?p=177709"},"modified":"2023-10-26T22:16:08","modified_gmt":"2023-10-27T01:16:08","slug":"dia-de-feira-especial-na-comunidade-rural-de-rio-preto","status":"publish","type":"post","link":"https:\/\/sindifeira.org.br\/index.php\/2019\/11\/27\/dia-de-feira-especial-na-comunidade-rural-de-rio-preto\/","title":{"rendered":"Dia de feira especial na comunidade rural de Rio Preto"},"content":{"rendered":"<p><img decoding=\"async\" width=\"1920\" height=\"1080\" src=\"https:\/\/www.agenciabrasilia.df.gov.br\/wp-conteudo\/uploads\/2019\/11\/IMG_7368-1-1920x1080.jpg\" class=\"attachment-foto-grande size-foto-grande wp-post-image\" alt=\"\" loading=\"lazy\" srcset=\"https:\/\/www.agenciabrasilia.df.gov.br\/wp-conteudo\/uploads\/2019\/11\/IMG_7368-1-1920x1080.jpg 1920w, https:\/\/www.agenciabrasilia.df.gov.br\/wp-conteudo\/uploads\/2019\/11\/IMG_7368-1-960x540.jpg 960w\" sizes=\"auto, (max-width: 1920px) 100vw, 1920px\" title=\"\"><\/p>\n<p style=\"text-align: justify;\"><span style=\"font-weight: 400;\">Os produtores e toda a comunidade rural do Rio Preto, regi\u00e3o administrativa de Planaltina-DF, v\u00e3o ter nesta quinta-feira (28) um dia diferente, com diversas atividades e servi\u00e7os &#8211; como a expedi\u00e7\u00e3o de segunda via da\u00a0 carteira de identidade.\u00a0<\/span><\/p>\n<p style=\"text-align: justify;\"><span style=\"font-weight: 400;\">O evento, organizado pela Emater-DF em parceria com a Secretaria de Seguran\u00e7a P\u00fablica e a Pol\u00edcia Civil, foi viabilizado para facilitar a vida dos moradores com deslocamento, al\u00e9m de oferecer um dia de vendas, aprendizado, intera\u00e7\u00e3o e lazer para o p\u00fablico.<\/span><\/p>\n<p style=\"text-align: justify;\"><span style=\"font-weight: 400;\">A emiss\u00e3o de primeira e segunda vias de RG ser\u00e1 realizada entre 9h e 16h. Segundo a gerente do escrit\u00f3rio da Emater-DF em Rio Preto, Amanda Venturim, ainda neste ano foi realizada a\u00e7\u00e3o para emiss\u00e3o de CPF, j\u00e1 que v\u00e1rios produtores e crian\u00e7as estavam sem o documento na regi\u00e3o.\u00a0<\/span><\/p>\n<p style=\"text-align: justify;\"><span style=\"font-weight: 400;\">Foi na ocasi\u00e3o que surgiu a demanda por RG. \u201cFizemos um levantamento sobre a quantidade de primeira e segunda vias e, diante das dificuldades dos produtores, viabilizamos as parcerias\u201d, ressaltou.<\/span><\/p>\n<p style=\"text-align: justify;\"><strong>Dia de feira<\/strong><\/p>\n<figure id=\"attachment_177713\" aria-describedby=\"caption-attachment-177713\" style=\"width: 1024px\" class=\"wp-caption aligncenter\"><img decoding=\"async\" loading=\"lazy\" src=\"http:\/\/agenciabrasilia.df.gov.br\/wp-conteudo\/uploads\/2019\/11\/feir-1024x704.jpg\" alt=\"\" width=\"1024\" height=\"704\" class=\"size-large wp-image-177713\" srcset=\"https:\/\/www.agenciabrasilia.df.gov.br\/wp-conteudo\/uploads\/2019\/11\/feir-1024x704.jpg 1024w, https:\/\/www.agenciabrasilia.df.gov.br\/wp-conteudo\/uploads\/2019\/11\/feir-300x206.jpg 300w, https:\/\/www.agenciabrasilia.df.gov.br\/wp-conteudo\/uploads\/2019\/11\/feir-768x528.jpg 768w, https:\/\/www.agenciabrasilia.df.gov.br\/wp-conteudo\/uploads\/2019\/11\/feir-144x99.jpg 144w, https:\/\/www.agenciabrasilia.df.gov.br\/wp-conteudo\/uploads\/2019\/11\/feir-160x110.jpg 160w, https:\/\/www.agenciabrasilia.df.gov.br\/wp-conteudo\/uploads\/2019\/11\/feir-256x176.jpg 256w, https:\/\/www.agenciabrasilia.df.gov.br\/wp-conteudo\/uploads\/2019\/11\/feir-1200x825.jpg 1200w, https:\/\/www.agenciabrasilia.df.gov.br\/wp-conteudo\/uploads\/2019\/11\/feir.jpg 1246w\" sizes=\"auto, (max-width: 1024px) 100vw, 1024px\" title=\"\"><figcaption id=\"caption-attachment-177713\" class=\"wp-caption-text\">Foto: Ag\u00eancia Bras\u00edlia\/Arquivo<\/figcaption><\/figure>\n<p style=\"text-align: justify;\"><span style=\"font-weight: 400;\">Ainda nesta quinta-feira (28), um grupo de produtores locais tamb\u00e9m vai oferecer produtos aliment\u00edcios como p\u00e3es, cucas, bolachas, doces artesanais, queijos e bolos. Bijuteria e artesanatos, tudo fabricado pelos produtores familiares locais, tamb\u00e9m estar\u00e3o \u00e0 venda. O Dia de Feira do Rio Preto acontece a cada dois meses. \u201cA gente tenta pegar alguma reuni\u00e3o da escola ou o in\u00edcio de m\u00eas para juntar os produtores e fazer esse Dia de Feira.\u201d<\/span><\/p>\n<p style=\"text-align: justify;\"><span style=\"font-weight: 400;\"><strong>Oficina de sucos funcionais<\/strong><br \/>\n<\/span><span style=\"font-weight: 400;\">Por meio do Centro de Capacita\u00e7\u00e3o Tecnol\u00f3gica e Desenvolvimento Rural da empresa, a Emater-DF vai oferecer uma oficina de sucos funcionais. O objetivo \u00e9 mostrar para os produtores e para as mulheres rurais as fun\u00e7\u00f5es e nutrientes disponibilizados na jun\u00e7\u00e3o de algumas frutas e como melhor aproveitar esses alimentos na produ\u00e7\u00e3o de sucos\u201d, ressalta Amanda Venturim.<\/span><\/p>\n<p style=\"text-align: justify;\"><strong>Doa\u00e7\u00e3o e troca<br \/>\n<\/strong><span style=\"font-weight: 400;\">Os produtores tamb\u00e9m v\u00e3o poder trocar sapatos, roupas, m\u00f3veis, panelas e objetos diversos por meio do projeto M\u00e3os que Doam, M\u00e3os que Recebem, encampado pelo escrit\u00f3rio da Emater-DF na regi\u00e3o. A extensionista Regina Lima, que atua junto aos produtores na regi\u00e3o, explicou que os produtores levam o que n\u00e3o querem e trocam por algo que esteja \u00e0 disposi\u00e7\u00e3o e j\u00e1 foi doado por outras pessoas. <\/span><\/p>\n<p style=\"text-align: justify;\"><span style=\"font-weight: 400;\">\u201cEssa proposta surgiu da preocupa\u00e7\u00e3o da gente diante da car\u00eancia da comunidade, que vive em um local distante, sem muita renda, sem oportunidades de trabalho e em condi\u00e7\u00e3o de extrema pobreza\u201d, disse Regina.<\/span><\/p>\n<p style=\"text-align: justify;\"><span style=\"font-weight: 400;\">Qualquer pessoa pode participar com doa\u00e7\u00f5es e tamb\u00e9m das trocas. \u201cEsse projeto acontece uma vez por m\u00eas ou sob demanda. Quando algu\u00e9m precisa de alguma coisa que a gente sabe que tem l\u00e1, a gente leva at\u00e9 essa fam\u00edlia\u201d, ponderou Amanda Venturim.\u00a0<\/span><\/p>\n<p style=\"text-align: justify;\"><span style=\"font-weight: 400;\">Interessados em doar para o projeto podem procurar o escrit\u00f3rio da Emater-DF em Rio Preto ou entrar em contato pelo telefone (61) 3501-1993.<\/span><\/p>\n<hr \/>\n<p style=\"text-align: center;\"><b>Servi\u00e7o<\/b><\/p>\n<p style=\"text-align: center;\"><b>Dia de Feira e Expedi\u00e7\u00e3o de RG<\/b><\/p>\n<p style=\"text-align: center;\"><b>Local<\/b><span style=\"font-weight: 400;\">: Escrit\u00f3rio da Emater-DF em Rio Preto,\u00a0<\/span><\/p>\n<p style=\"text-align: center;\"><span style=\"font-weight: 400;\">Planaltina (Nucleo Rural do Rio Preto \u2013 Sede \u2013 DF 320)<\/span><\/p>\n<p style=\"text-align: center;\"><b>Data<\/b><span style=\"font-weight: 400;\">: 28\/11\/2019<\/span><\/p>\n<p style=\"text-align: center;\"><b>Hor\u00e1rio<\/b><span style=\"font-weight: 400;\">: 9h \u00e0s 16h<\/span><\/p>\n<p style=\"text-align: center;\"><b>Mais informa\u00e7\u00f5es pelo telefone: <\/b><span style=\"font-weight: 400;\">(61)3501-1993<\/span><\/p>\n<hr \/>\n<p>* <em>Com informa\u00e7\u00f5es da Emater-DF<\/em><\/p>\n<p>The post <a rel=\"nofollow noopener\" href=\"https:\/\/www.agenciabrasilia.df.gov.br\/2019\/11\/27\/dia-de-feira-especial-na-comunidade-rural-de-rio-preto\/\" target=\"_blank\">Dia de feira especial na comunidade rural de Rio Preto<\/a> appeared first on <a rel=\"nofollow noopener\" href=\"https:\/\/www.agenciabrasilia.df.gov.br\/\" target=\"_blank\">Ag\u00eancia Bras\u00edlia<\/a>.<\/p>\n","protected":false},"excerpt":{"rendered":"<p><img decoding=\"async\" width=\"1920\" height=\"1080\" src=\"https:\/\/www.agenciabrasilia.df.gov.br\/wp-conteudo\/uploads\/2019\/11\/IMG_7368-1-1920x1080.jpg\" class=\"attachment-foto-grande size-foto-grande wp-post-image\" alt=\"\" loading=\"lazy\" srcset=\"https:\/\/www.agenciabrasilia.df.gov.br\/wp-conteudo\/uploads\/2019\/11\/IMG_7368-1-1920x1080.jpg 1920w, https:\/\/www.agenciabrasilia.df.gov.br\/wp-conteudo\/uploads\/2019\/11\/IMG_7368-1-960x540.jpg 960w\" sizes=\"auto, (max-width: 1920px) 100vw, 1920px\">Ser\u00e3o oferecidos produtos aliment\u00edcios e artesanato fabricados pelos moradores locais. Parceria com a SPP\/DF vai garantir a emiss\u00e3o de RG\u00a0<\/p>\n<p>The post <a rel=\"nofollow\" href=\"https:\/\/www.agenciabrasilia.df.gov.br\/2019\/11\/27\/dia-de-feira-especial-na-comunidade-rural-de-rio-preto\/\">Dia de feira especial na comunidade rural de Rio Preto<\/a> appeared first on <a rel=\"nofollow\" href=\"https:\/\/www.agenciabrasilia.df.gov.br\/\">Ag\u00eancia Bras\u00edlia<\/a>.<\/p>\n","protected":false},"author":42,"featured_media":0,"comment_status":"closed","ping_status":"closed","sticky":false,"template":"","format":"standard","meta":{"advgb_blocks_editor_width":"","advgb_blocks_columns_visual_guide":"","footnotes":""},"categories":[1],"tags":[],"class_list":["post-1133","post","type-post","status-publish","format-standard","hentry","category-blog"],"author_meta":{"display_name":"","author_link":"https:\/\/sindifeira.org.br\/author\/"},"featured_img":null,"coauthors":[],"tax_additional":{"categories":{"linked":["<a href=\"https:\/\/sindifeira.org.br\/index.php\/category\/blog\/\" class=\"advgb-post-tax-term\">Blog<\/a>"],"unlinked":["<span class=\"advgb-post-tax-term\">Blog<\/span>"]}},"comment_count":"0","relative_dates":{"created":"Publicado 6 anos atr\u00e1s","modified":"Atualizado 2 anos atr\u00e1s"},"absolute_dates":{"created":"Publicado em 27 de novembro de 2019","modified":"Atualizado em 26 de outubro de 2023"},"absolute_dates_time":{"created":"Publicado em 27 de novembro de 2019 16:28","modified":"Atualizado em 26 de outubro de 2023 22:16"},"featured_img_caption":"","series_order":"","_links":{"self":[{"href":"https:\/\/sindifeira.org.br\/index.php\/wp-json\/wp\/v2\/posts\/1133","targetHints":{"allow":["GET"]}}],"collection":[{"href":"https:\/\/sindifeira.org.br\/index.php\/wp-json\/wp\/v2\/posts"}],"about":[{"href":"https:\/\/sindifeira.org.br\/index.php\/wp-json\/wp\/v2\/types\/post"}],"author":[{"embeddable":true,"href":"https:\/\/sindifeira.org.br\/index.php\/wp-json\/wp\/v2\/users\/42"}],"replies":[{"embeddable":true,"href":"https:\/\/sindifeira.org.br\/index.php\/wp-json\/wp\/v2\/comments?post=1133"}],"version-history":[{"count":2,"href":"https:\/\/sindifeira.org.br\/index.php\/wp-json\/wp\/v2\/posts\/1133\/revisions"}],"predecessor-version":[{"id":2044,"href":"https:\/\/sindifeira.org.br\/index.php\/wp-json\/wp\/v2\/posts\/1133\/revisions\/2044"}],"wp:attachment":[{"href":"https:\/\/sindifeira.org.br\/index.php\/wp-json\/wp\/v2\/media?parent=1133"}],"wp:term":[{"taxonomy":"category","embeddable":true,"href":"https:\/\/sindifeira.org.br\/index.php\/wp-json\/wp\/v2\/categories?post=1133"},{"taxonomy":"post_tag","embeddable":true,"href":"https:\/\/sindifeira.org.br\/index.php\/wp-json\/wp\/v2\/tags?post=1133"}],"curies":[{"name":"wp","href":"https:\/\/api.w.org\/{rel}","templated":true}]}}