{"id":1101,"date":"2021-12-10T10:33:12","date_gmt":"2021-12-10T13:33:12","guid":{"rendered":"http:\/\/www.agenciabrasilia.df.gov.br\/?p=360274"},"modified":"2023-10-26T21:56:49","modified_gmt":"2023-10-27T00:56:49","slug":"jardim-botanico-faz-feira-natalina-neste-sabado-11","status":"publish","type":"post","link":"https:\/\/sindifeira.org.br\/index.php\/2021\/12\/10\/jardim-botanico-faz-feira-natalina-neste-sabado-11\/","title":{"rendered":"Jardim Bot\u00e2nico faz feira natalina neste s\u00e1bado (11)"},"content":{"rendered":"<p><img decoding=\"async\" width=\"900\" height=\"900\" src=\"https:\/\/www.agenciabrasilia.df.gov.br\/wp-conteudo\/uploads\/2019\/12\/Natal-com-Amor_interna.png\" class=\"attachment-foto-grande size-foto-grande wp-post-image\" alt=\"\" loading=\"lazy\" srcset=\"https:\/\/www.agenciabrasilia.df.gov.br\/wp-conteudo\/uploads\/2019\/12\/Natal-com-Amor_interna.png 900w, https:\/\/www.agenciabrasilia.df.gov.br\/wp-conteudo\/uploads\/2019\/12\/Natal-com-Amor_interna-150x150.png 150w, https:\/\/www.agenciabrasilia.df.gov.br\/wp-conteudo\/uploads\/2019\/12\/Natal-com-Amor_interna-300x300.png 300w, https:\/\/www.agenciabrasilia.df.gov.br\/wp-conteudo\/uploads\/2019\/12\/Natal-com-Amor_interna-768x768.png 768w, https:\/\/www.agenciabrasilia.df.gov.br\/wp-conteudo\/uploads\/2019\/12\/Natal-com-Amor_interna-99x99.png 99w, https:\/\/www.agenciabrasilia.df.gov.br\/wp-conteudo\/uploads\/2019\/12\/Natal-com-Amor_interna-160x160.png 160w, https:\/\/www.agenciabrasilia.df.gov.br\/wp-conteudo\/uploads\/2019\/12\/Natal-com-Amor_interna-256x256.png 256w\" sizes=\"auto, (max-width: 900px) 100vw, 900px\" title=\"\"><\/p>\n<p>Artes\u00e3os e empreendedores da Economia Criativa do DF ir\u00e3o expor seus trabalhos na 2\u00aa Feira Natalina da Regi\u00e3o Administrativa do Jardim Bot\u00e2nico, que ser\u00e1 realizada neste s\u00e1bado (11), das 9h \u00e0s 17h, em frente \u00e0 sede da Administra\u00e7\u00e3o Regional, localizada na Av. das Paineiras EQ 3\/5, no Setor Habitacional Jardim Bot\u00e2nico III. Com diversas atra\u00e7\u00f5es culturais, infantis e gastron\u00f4micas, o evento tamb\u00e9m conta com uma feira de ado\u00e7\u00e3o de c\u00e3es e gatos.<\/p>\n<p>A feira tem como objetivo incentivar o empreendedorismo, a produ\u00e7\u00e3o artesanal e a cultura na regi\u00e3o. De acordo com o administrador regional, Janio Rodrigues, al\u00e9m de movimentar a economia, o evento tamb\u00e9m funciona como excelente op\u00e7\u00e3o de lazer. \u201cEssa \u00e9 mais uma das iniciativas da Administra\u00e7\u00e3o Regional do Jardim Bot\u00e2nico para enriquecer e estimular a regi\u00e3o. A feira celebra uma data importante e incentiva o empreendedorismo. Esperamos que a comunidade participe\u201d, comentou.<\/p>\n<p><img decoding=\"async\" loading=\"lazy\" src=\"http:\/\/www.agenciabrasilia.df.gov.br\/wp-conteudo\/uploads\/2021\/12\/WhatsApp-Image-2021-12-06-at-16.29.06-819x1024.jpeg\" alt=\"\" width=\"819\" height=\"1024\" class=\"wp-image-360276 size-large\" srcset=\"https:\/\/www.agenciabrasilia.df.gov.br\/wp-conteudo\/uploads\/2021\/12\/WhatsApp-Image-2021-12-06-at-16.29.06-819x1024.jpeg 819w, https:\/\/www.agenciabrasilia.df.gov.br\/wp-conteudo\/uploads\/2021\/12\/WhatsApp-Image-2021-12-06-at-16.29.06-240x300.jpeg 240w, https:\/\/www.agenciabrasilia.df.gov.br\/wp-conteudo\/uploads\/2021\/12\/WhatsApp-Image-2021-12-06-at-16.29.06-768x960.jpeg 768w, https:\/\/www.agenciabrasilia.df.gov.br\/wp-conteudo\/uploads\/2021\/12\/WhatsApp-Image-2021-12-06-at-16.29.06-79x99.jpeg 79w, https:\/\/www.agenciabrasilia.df.gov.br\/wp-conteudo\/uploads\/2021\/12\/WhatsApp-Image-2021-12-06-at-16.29.06-160x200.jpeg 160w, https:\/\/www.agenciabrasilia.df.gov.br\/wp-conteudo\/uploads\/2021\/12\/WhatsApp-Image-2021-12-06-at-16.29.06-256x320.jpeg 256w, https:\/\/www.agenciabrasilia.df.gov.br\/wp-conteudo\/uploads\/2021\/12\/WhatsApp-Image-2021-12-06-at-16.29.06.jpeg 1024w\" sizes=\"auto, (max-width: 819px) 100vw, 819px\" title=\"\"><\/p>\n<p>A abertura do evento est\u00e1 marcada para as 9h, com cama el\u00e1stica e piscina de bolinhas para a crian\u00e7ada. Das 9h30 \u00e0s 10h30, haver\u00e1 um aul\u00e3o gratuito de fit dance e funcional , com profissionais da academia Smart Fit. A partir das 10h, ter\u00e1 in\u00edcio feira de ado\u00e7\u00e3o de c\u00e3es e gatos, realizada pela ONG Santu\u00e1rio Nova Alian\u00e7a, com apoio do deputado distrital Daniel Donizet. \u00c0s 16h vai come\u00e7ar a cantata de Natal, realizada por fi\u00e9is da Igreja Evang\u00e9lica Apascentar.<\/p>\n<p>A comunidade tamb\u00e9m ter\u00e1 \u00e0 sua disposi\u00e7\u00e3o uma tenda da sa\u00fade, em parceria com alunos de medicina do Centro Universit\u00e1rio Uniceplac, com aferi\u00e7\u00e3o de press\u00e3o arterial e glicemia. Al\u00e9m disso, profissionais da Vigil\u00e2ncia Ambiental promover\u00e3o a\u00e7\u00e3o de conscientiza\u00e7\u00e3o para o combate ao mosquito <em>Aedes aegypti<\/em>, transmissor da dengue. A Administra\u00e7\u00e3o Regional do Jardim Bot\u00e2nico tamb\u00e9m realizar\u00e1 sorteio de brindes ofertados por comerciantes locais.<\/p>\n<p><strong>Servi\u00e7o<\/strong><\/p>\n<p>2\u00aa Feira Natalina da Regi\u00e3o Administrativa do Jardim Bot\u00e2nico<\/p>\n<ul>\n<li>Data: 11 de dezembro (s\u00e1bado)<\/li>\n<li>Hor\u00e1rio: das 9h \u00e0s 17h<\/li>\n<li>Local: Em frente \u00e0 sede da Administra\u00e7\u00e3o Regional do Jardim Bot\u00e2nico (Av. das Paineiras EQ 3\/5, no Setor Habitacional Jardim Bot\u00e2nico III)<\/li>\n<\/ul>\n<p><em>*Com informa\u00e7\u00f5es da Administra\u00e7\u00e3o Regional do Jardim Bot\u00e2nico<\/em><\/p>\n<p>&nbsp;<\/p>\n<p>&nbsp;<\/p>\n<p>The post <a rel=\"nofollow noopener\" href=\"https:\/\/www.agenciabrasilia.df.gov.br\/2021\/12\/10\/jardim-botanico-faz-feira-natalina-neste-sabado-11\/\" target=\"_blank\">Jardim Bot\u00e2nico faz feira natalina neste s\u00e1bado (11)<\/a> appeared first on <a rel=\"nofollow noopener\" href=\"https:\/\/www.agenciabrasilia.df.gov.br\/\" target=\"_blank\">Ag\u00eancia Bras\u00edlia<\/a>.<\/p>\n","protected":false},"excerpt":{"rendered":"<p><img decoding=\"async\" width=\"900\" height=\"900\" src=\"https:\/\/www.agenciabrasilia.df.gov.br\/wp-conteudo\/uploads\/2019\/12\/Natal-com-Amor_interna.png\" class=\"attachment-foto-grande size-foto-grande wp-post-image\" alt=\"\" loading=\"lazy\" srcset=\"https:\/\/www.agenciabrasilia.df.gov.br\/wp-conteudo\/uploads\/2019\/12\/Natal-com-Amor_interna.png 900w, https:\/\/www.agenciabrasilia.df.gov.br\/wp-conteudo\/uploads\/2019\/12\/Natal-com-Amor_interna-150x150.png 150w, https:\/\/www.agenciabrasilia.df.gov.br\/wp-conteudo\/uploads\/2019\/12\/Natal-com-Amor_interna-300x300.png 300w, https:\/\/www.agenciabrasilia.df.gov.br\/wp-conteudo\/uploads\/2019\/12\/Natal-com-Amor_interna-768x768.png 768w, https:\/\/www.agenciabrasilia.df.gov.br\/wp-conteudo\/uploads\/2019\/12\/Natal-com-Amor_interna-99x99.png 99w, https:\/\/www.agenciabrasilia.df.gov.br\/wp-conteudo\/uploads\/2019\/12\/Natal-com-Amor_interna-160x160.png 160w, https:\/\/www.agenciabrasilia.df.gov.br\/wp-conteudo\/uploads\/2019\/12\/Natal-com-Amor_interna-256x256.png 256w\" sizes=\"auto, (max-width: 900px) 100vw, 900px\">Artes\u00e3os e empreendedores participam do evento, que vai contar com sorteio de brindes, feira de ado\u00e7\u00e3o de animais e tenda da sa\u00fade<\/p>\n<p>The post <a rel=\"nofollow\" href=\"https:\/\/www.agenciabrasilia.df.gov.br\/2021\/12\/10\/jardim-botanico-faz-feira-natalina-neste-sabado-11\/\">Jardim Bot\u00e2nico faz feira natalina neste s\u00e1bado (11)<\/a> appeared first on <a rel=\"nofollow\" href=\"https:\/\/www.agenciabrasilia.df.gov.br\/\">Ag\u00eancia Bras\u00edlia<\/a>.<\/p>\n","protected":false},"author":35,"featured_media":0,"comment_status":"closed","ping_status":"closed","sticky":false,"template":"","format":"standard","meta":{"advgb_blocks_editor_width":"","advgb_blocks_columns_visual_guide":"","footnotes":""},"categories":[1],"tags":[],"class_list":["post-1101","post","type-post","status-publish","format-standard","hentry","category-blog"],"author_meta":{"display_name":"","author_link":"https:\/\/sindifeira.org.br\/author\/"},"featured_img":null,"coauthors":[],"tax_additional":{"categories":{"linked":["<a href=\"https:\/\/sindifeira.org.br\/index.php\/category\/blog\/\" class=\"advgb-post-tax-term\">Blog<\/a>"],"unlinked":["<span class=\"advgb-post-tax-term\">Blog<\/span>"]}},"comment_count":"0","relative_dates":{"created":"Publicado 4 anos atr\u00e1s","modified":"Atualizado 2 anos atr\u00e1s"},"absolute_dates":{"created":"Publicado em 10 de dezembro de 2021","modified":"Atualizado em 26 de outubro de 2023"},"absolute_dates_time":{"created":"Publicado em 10 de dezembro de 2021 10:33","modified":"Atualizado em 26 de outubro de 2023 21:56"},"featured_img_caption":"","series_order":"","_links":{"self":[{"href":"https:\/\/sindifeira.org.br\/index.php\/wp-json\/wp\/v2\/posts\/1101","targetHints":{"allow":["GET"]}}],"collection":[{"href":"https:\/\/sindifeira.org.br\/index.php\/wp-json\/wp\/v2\/posts"}],"about":[{"href":"https:\/\/sindifeira.org.br\/index.php\/wp-json\/wp\/v2\/types\/post"}],"author":[{"embeddable":true,"href":"https:\/\/sindifeira.org.br\/index.php\/wp-json\/wp\/v2\/users\/35"}],"replies":[{"embeddable":true,"href":"https:\/\/sindifeira.org.br\/index.php\/wp-json\/wp\/v2\/comments?post=1101"}],"version-history":[{"count":5,"href":"https:\/\/sindifeira.org.br\/index.php\/wp-json\/wp\/v2\/posts\/1101\/revisions"}],"predecessor-version":[{"id":2005,"href":"https:\/\/sindifeira.org.br\/index.php\/wp-json\/wp\/v2\/posts\/1101\/revisions\/2005"}],"wp:attachment":[{"href":"https:\/\/sindifeira.org.br\/index.php\/wp-json\/wp\/v2\/media?parent=1101"}],"wp:term":[{"taxonomy":"category","embeddable":true,"href":"https:\/\/sindifeira.org.br\/index.php\/wp-json\/wp\/v2\/categories?post=1101"},{"taxonomy":"post_tag","embeddable":true,"href":"https:\/\/sindifeira.org.br\/index.php\/wp-json\/wp\/v2\/tags?post=1101"}],"curies":[{"name":"wp","href":"https:\/\/api.w.org\/{rel}","templated":true}]}}