{"id":1099,"date":"2022-01-16T18:12:37","date_gmt":"2022-01-16T21:12:37","guid":{"rendered":"http:\/\/www.agenciabrasilia.df.gov.br\/?p=369016"},"modified":"2023-10-26T21:55:55","modified_gmt":"2023-10-27T00:55:55","slug":"comecam-os-trabalhos-na-feira-da-qn-202-em-samambaia-2","status":"publish","type":"post","link":"https:\/\/sindifeira.org.br\/index.php\/2022\/01\/16\/comecam-os-trabalhos-na-feira-da-qn-202-em-samambaia-2\/","title":{"rendered":"Come\u00e7am os trabalhos na Feira da QN 202, em Samambaia"},"content":{"rendered":"<p><img loading=\"lazy\" decoding=\"async\" class=\"attachment-foto-grande size-foto-grande wp-post-image\" src=\"https:\/\/www.agenciabrasilia.df.gov.br\/wp-conteudo\/uploads\/2022\/01\/Capa-8-1920x1080.jpg\" sizes=\"auto, (max-width: 1920px) 100vw, 1920px\" srcset=\"https:\/\/www.agenciabrasilia.df.gov.br\/wp-conteudo\/uploads\/2022\/01\/Capa-8-1920x1080.jpg 1920w, https:\/\/www.agenciabrasilia.df.gov.br\/wp-conteudo\/uploads\/2022\/01\/Capa-8-960x540.jpg 960w\" alt=\"Governo ir\u00e1 investir aproximadamente R$ 1 milh\u00e3o em reforma, que beneficiar\u00e1 os cerca de 120 feirantes que atuam no local| Foto: Tony Oliveira\/Ag\u00eancia Bras\u00edlia\" width=\"1920\" height=\"1080\" title=\"\"><\/p>\n<p>Al\u00e9m de comerciantes e clientes, quem tamb\u00e9m est\u00e1 agora andando pelos corredores da Feira Permanente da QN 202, em Samambaia, s\u00e3o oper\u00e1rios. Come\u00e7aram nesta semana os trabalhos de prepara\u00e7\u00e3o para uma reforma que ser\u00e1 feita no \u00e2mbito do programa Feira Legal, na qual o Governo do Distrito Federal (GDF) vai investir aproximadamente R$ 1 milh\u00e3o, beneficiando os cerca de 120 feirantes que atuam no local.<\/p>\n<figure id=\"attachment_369037\" class=\"wp-caption aligncenter\" style=\"width: 5472px;\" aria-describedby=\"caption-attachment-369037\"><img loading=\"lazy\" decoding=\"async\" class=\"wp-image-369037 size-full\" src=\"http:\/\/agenciabrasilia.df.gov.br\/wp-conteudo\/uploads\/2022\/01\/Interna-2.jpg\" sizes=\"auto, (max-width: 5472px) 100vw, 5472px\" srcset=\"https:\/\/www.agenciabrasilia.df.gov.br\/wp-conteudo\/uploads\/2022\/01\/Interna-2.jpg 5472w, https:\/\/www.agenciabrasilia.df.gov.br\/wp-conteudo\/uploads\/2022\/01\/Interna-2-300x200.jpg 300w, https:\/\/www.agenciabrasilia.df.gov.br\/wp-conteudo\/uploads\/2022\/01\/Interna-2-768x512.jpg 768w, https:\/\/www.agenciabrasilia.df.gov.br\/wp-conteudo\/uploads\/2022\/01\/Interna-2-1024x683.jpg 1024w, https:\/\/www.agenciabrasilia.df.gov.br\/wp-conteudo\/uploads\/2022\/01\/Interna-2-640x427.jpg 640w, https:\/\/www.agenciabrasilia.df.gov.br\/wp-conteudo\/uploads\/2022\/01\/Interna-2-149x99.jpg 149w, https:\/\/www.agenciabrasilia.df.gov.br\/wp-conteudo\/uploads\/2022\/01\/Interna-2-160x107.jpg 160w, https:\/\/www.agenciabrasilia.df.gov.br\/wp-conteudo\/uploads\/2022\/01\/Interna-2-256x171.jpg 256w, https:\/\/www.agenciabrasilia.df.gov.br\/wp-conteudo\/uploads\/2022\/01\/Interna-2-1200x800.jpg 1200w\" alt=\"\" width=\"5472\" height=\"3648\" title=\"\"><figcaption id=\"caption-attachment-369037\" class=\"wp-caption-text\">Governo ir\u00e1 investir aproximadamente R$ 1 milh\u00e3o em reforma, que beneficiar\u00e1 os cerca de 120 feirantes que atuam no local| Foto: Tony Oliveira\/Ag\u00eancia Bras\u00edlia<\/figcaption><\/figure>\n<p>Entre os trabalhos que ser\u00e3o executados est\u00e3o a manuten\u00e7\u00e3o do telhado, a revitaliza\u00e7\u00e3o dos banheiros, a recupera\u00e7\u00e3o do piso, a revis\u00e3o de toda a parte el\u00e9trica e hidr\u00e1ulica, a constru\u00e7\u00e3o de cal\u00e7adas, nova pintura e o redimensionamento das calhas. De acordo com a Administra\u00e7\u00e3o Regional de Samambaia, a previs\u00e3o \u00e9 de que os servi\u00e7os sejam conclu\u00eddos em 90 dias.<\/p>\n<p>Em setembro do ano passado, alunos do RENOVADF, programa do GDF focado em capacitar profissionais ao mesmo tempo em que atuam na reforma de espa\u00e7os p\u00fablicos, estiveram no local executando alguns servi\u00e7os de menor complexidade, como a pintura do alambrado que cerca a feira.<\/p>\n<p>\u201cQuando falaram que essa reforma ia come\u00e7ar, eu at\u00e9 duvidei.\u201d Este questionamento do feirante Ant\u00f4nio Carlos foi respondido com a presen\u00e7a dos oper\u00e1rios na feira. Apesar de os trabalhos ainda estarem na fase inicial, ele j\u00e1 se anima com o que o futuro reserva. \u201cEstou h\u00e1 14 anos aqui, meu investimento \u00e9 alto, \u00e9 importante arrumar a estrutura para que a gente possa trabalhar e atrair mais clientes\u201d, afirma.<\/p>\n<figure id=\"attachment_369038\" class=\"wp-caption aligncenter\" style=\"width: 5472px;\" aria-describedby=\"caption-attachment-369038\"><img loading=\"lazy\" decoding=\"async\" class=\"wp-image-369038 size-full\" src=\"http:\/\/agenciabrasilia.df.gov.br\/wp-conteudo\/uploads\/2022\/01\/Loyane-Damaris-1.jpg\" sizes=\"auto, (max-width: 5472px) 100vw, 5472px\" srcset=\"https:\/\/www.agenciabrasilia.df.gov.br\/wp-conteudo\/uploads\/2022\/01\/Loyane-Damaris-1.jpg 5472w, https:\/\/www.agenciabrasilia.df.gov.br\/wp-conteudo\/uploads\/2022\/01\/Loyane-Damaris-1-300x200.jpg 300w, https:\/\/www.agenciabrasilia.df.gov.br\/wp-conteudo\/uploads\/2022\/01\/Loyane-Damaris-1-768x512.jpg 768w, https:\/\/www.agenciabrasilia.df.gov.br\/wp-conteudo\/uploads\/2022\/01\/Loyane-Damaris-1-1024x683.jpg 1024w, https:\/\/www.agenciabrasilia.df.gov.br\/wp-conteudo\/uploads\/2022\/01\/Loyane-Damaris-1-640x427.jpg 640w, https:\/\/www.agenciabrasilia.df.gov.br\/wp-conteudo\/uploads\/2022\/01\/Loyane-Damaris-1-149x99.jpg 149w, https:\/\/www.agenciabrasilia.df.gov.br\/wp-conteudo\/uploads\/2022\/01\/Loyane-Damaris-1-160x107.jpg 160w, https:\/\/www.agenciabrasilia.df.gov.br\/wp-conteudo\/uploads\/2022\/01\/Loyane-Damaris-1-256x171.jpg 256w, https:\/\/www.agenciabrasilia.df.gov.br\/wp-conteudo\/uploads\/2022\/01\/Loyane-Damaris-1-1200x800.jpg 1200w\" alt=\"\" width=\"5472\" height=\"3648\" title=\"\"><figcaption id=\"caption-attachment-369038\" class=\"wp-caption-text\">Loyane Damares, diretora de Obras da Administra\u00e7\u00e3o Regional de Samambaia, explica que um dos trabalhos mais urgentes \u00e9 o redimensionamento das calhas, que est\u00e3o sobrecarregadas e causam transtornos durante o per\u00edodo de chuvas, Foto: Tony Oliveira\/Ag\u00eancia Bras\u00edlia<\/figcaption><\/figure>\n<p>O vice-presidente da Associa\u00e7\u00e3o de Feirantes da Feira Permanente da QN 202, Hugo Saraiva, conta que o local n\u00e3o recebia um trabalho do tipo havia quase uma d\u00e9cada e agradece o empenho do Executivo em tornar isso uma realidade. \u201c\u00c9 necess\u00e1rio arrumar, vai causar um pouco de inc\u00f4modo no come\u00e7o, mas \u00e9 uma quest\u00e3o tempor\u00e1ria. Vamos melhorar nosso ambiente de trabalho e voltar mais fortes para atender \u00e0 popula\u00e7\u00e3o de Samambaia\u201d, ressalta.<\/p>\n<p>A diretora de Obras da Administra\u00e7\u00e3o Regional de Samambaia, Loyane Damares, detalha alguns dos servi\u00e7os que ser\u00e3o feitos no local. \u201cLevamos em conta as recomenda\u00e7\u00f5es da equipe t\u00e9cnica e as reivindica\u00e7\u00f5es dos feirantes. Um dos trabalhos mais urgentes \u00e9 o redimensionamento das calhas, que est\u00e3o sobrecarregadas e causam transtornos durante o per\u00edodo de chuvas, como agora\u201d, explica.<\/p>\n<p>&nbsp;<\/p>\n","protected":false},"excerpt":{"rendered":"<p><img loading=\"lazy\" decoding=\"async\" width=\"1920\" height=\"1080\" src=\"https:\/\/www.agenciabrasilia.df.gov.br\/wp-conteudo\/uploads\/2022\/01\/Capa-8-1920x1080.jpg\" class=\"attachment-foto-grande size-foto-grande wp-post-image\" alt=\"Governo ir\u00e1 investir aproximadamente R$ 1 milh\u00e3o em reforma, que beneficiar\u00e1 os cerca de 120 feirantes que atuam no local| Foto: Tony Oliveira\/Ag\u00eancia Bras\u00edlia\" srcset=\"https:\/\/www.agenciabrasilia.df.gov.br\/wp-conteudo\/uploads\/2022\/01\/Capa-8-1920x1080.jpg 1920w, https:\/\/www.agenciabrasilia.df.gov.br\/wp-conteudo\/uploads\/2022\/01\/Capa-8-960x540.jpg 960w\" sizes=\"auto, (max-width: 1920px) 100vw, 1920px\">Servi\u00e7os v\u00e3o incluir manuten\u00e7\u00e3o do telhado, recupera\u00e7\u00e3o dos banheiros, revis\u00e3o da parte el\u00e9trica e hidr\u00e1ulica e redimensionamento das calhas<\/p>\n<p>The post <a rel=\"nofollow\" href=\"https:\/\/www.agenciabrasilia.df.gov.br\/2022\/01\/16\/comecam-os-trabalhos-na-feira-da-qn-202-em-samambaia\/\">Come\u00e7am os trabalhos na Feira da QN 202, em Samambaia<\/a> appeared first on <a rel=\"nofollow\" href=\"https:\/\/www.agenciabrasilia.df.gov.br\/\">Ag\u00eancia Bras\u00edlia<\/a>.<\/p>\n","protected":false},"author":34,"featured_media":0,"comment_status":"closed","ping_status":"closed","sticky":false,"template":"","format":"standard","meta":{"advgb_blocks_editor_width":"","advgb_blocks_columns_visual_guide":"","footnotes":""},"categories":[1],"tags":[],"class_list":["post-1099","post","type-post","status-publish","format-standard","hentry","category-blog"],"author_meta":{"display_name":"","author_link":"https:\/\/sindifeira.org.br\/author\/"},"featured_img":null,"coauthors":[],"tax_additional":{"categories":{"linked":["<a href=\"https:\/\/sindifeira.org.br\/index.php\/category\/blog\/\" class=\"advgb-post-tax-term\">Blog<\/a>"],"unlinked":["<span class=\"advgb-post-tax-term\">Blog<\/span>"]}},"comment_count":"0","relative_dates":{"created":"Publicado 4 anos atr\u00e1s","modified":"Atualizado 3 anos atr\u00e1s"},"absolute_dates":{"created":"Publicado em 16 de janeiro de 2022","modified":"Atualizado em 26 de outubro de 2023"},"absolute_dates_time":{"created":"Publicado em 16 de janeiro de 2022 18:12","modified":"Atualizado em 26 de outubro de 2023 21:55"},"featured_img_caption":"","series_order":"","_links":{"self":[{"href":"https:\/\/sindifeira.org.br\/index.php\/wp-json\/wp\/v2\/posts\/1099","targetHints":{"allow":["GET"]}}],"collection":[{"href":"https:\/\/sindifeira.org.br\/index.php\/wp-json\/wp\/v2\/posts"}],"about":[{"href":"https:\/\/sindifeira.org.br\/index.php\/wp-json\/wp\/v2\/types\/post"}],"author":[{"embeddable":true,"href":"https:\/\/sindifeira.org.br\/index.php\/wp-json\/wp\/v2\/users\/34"}],"replies":[{"embeddable":true,"href":"https:\/\/sindifeira.org.br\/index.php\/wp-json\/wp\/v2\/comments?post=1099"}],"version-history":[{"count":7,"href":"https:\/\/sindifeira.org.br\/index.php\/wp-json\/wp\/v2\/posts\/1099\/revisions"}],"predecessor-version":[{"id":2002,"href":"https:\/\/sindifeira.org.br\/index.php\/wp-json\/wp\/v2\/posts\/1099\/revisions\/2002"}],"wp:attachment":[{"href":"https:\/\/sindifeira.org.br\/index.php\/wp-json\/wp\/v2\/media?parent=1099"}],"wp:term":[{"taxonomy":"category","embeddable":true,"href":"https:\/\/sindifeira.org.br\/index.php\/wp-json\/wp\/v2\/categories?post=1099"},{"taxonomy":"post_tag","embeddable":true,"href":"https:\/\/sindifeira.org.br\/index.php\/wp-json\/wp\/v2\/tags?post=1099"}],"curies":[{"name":"wp","href":"https:\/\/api.w.org\/{rel}","templated":true}]}}